{"id":45565,"date":"2025-07-30T10:35:31","date_gmt":"2025-07-30T07:35:31","guid":{"rendered":"https:\/\/www.egemtv.com\/?p=45565"},"modified":"2025-07-30T10:35:32","modified_gmt":"2025-07-30T07:35:32","slug":"sokede-ekipler-sahaya-indi-tuzaklar-kontrol-edildi","status":"publish","type":"post","link":"https:\/\/www.egemtv.com\/?p=45565","title":{"rendered":"S\u00f6ke\u2019de ekipler sahaya indi, tuzaklar kontrol edildi"},"content":{"rendered":"<p>T\u00fcrkiye\u2019nin \u00f6nemli tar\u0131m kentlerinden olan Ayd\u0131n\u2019\u0131n S\u00f6ke il\u00e7esinde, tar\u0131m arazileri ve meyve bah\u00e7elerine zararl\u0131lara kar\u015f\u0131 yerle\u015ftirilen tuzaklar kontrol edildi.<\/p>\n<p>S\u00f6ke \u0130l\u00e7e Tar\u0131m ve Orman M\u00fcd\u00fcrl\u00fc\u011f\u00fc personelleri bitki sa\u011fl\u0131\u011f\u0131 ile ilgili konularda arazide periyodik kontrollerine devam ediyor. Bu \u00e7er\u00e7evede sahaya inen ekipler, portakal, mandalina gibi meyve a\u011fa\u00e7lar\u0131nda Akdeniz meyve sine\u011fi i\u00e7in, zeytin bah\u00e7elerinde zeytin sine\u011fi i\u00e7in, pamuk tarlalar\u0131nda ise \u00e7izgili kurt, ye\u015fil, kurt ve yaprak kurdu i\u00e7in yerle\u015ftirilen izleme tuzaklar\u0131n\u0131 yerinde kontrol etti. Zararl\u0131 pop\u00fclasyonlar\u0131n\u0131n da incelendi\u011fi kontrollerde zararl\u0131 yo\u011funlu\u011funun tespit edilmesi halinde ise \u00e7ift\u00e7iler m\u00fccadele ve m\u00fcdahale i\u00e7in uyar\u0131larak bilgilendirildi. Olu\u015fabilecek verim kay\u0131plar\u0131n\u0131n da \u00f6n\u00fcne ge\u00e7ilmesi amac\u0131yla kontrollerin aral\u0131ks\u0131z olarak devam edece\u011fi \u00f6\u011frenilirken, S\u00f6ke \u0130l\u00e7e Tar\u0131m ve Orman M\u00fcd\u00fcrl\u00fc\u011f\u00fc\u2019nden yap\u0131lan a\u00e7\u0131klamada &#8220;Turun\u00e7gil Akdeniz meyve sine\u011fi, zeytin sine\u011fi, pamukta \u00e7izgili kurt, ye\u015fil, kurt ve yaprak kurdu tuzak kontrolleri yap\u0131ld\u0131&#8221; ifadeleri yer ald\u0131.<br \/><\/p>\n","protected":false},"excerpt":{"rendered":"<p>T\u00fcrkiye\u2019nin \u00f6nemli tar\u0131m kentlerinden olan Ayd\u0131n\u2019\u0131n S\u00f6ke il\u00e7esinde, tar\u0131m arazileri ve meyve bah\u00e7elerine zararl\u0131lara kar\u015f\u0131 yerle\u015ftirilen tuzaklar kontrol edildi. S\u00f6ke \u0130l\u00e7e Tar\u0131m ve Orman M\u00fcd\u00fcrl\u00fc\u011f\u00fc personelleri bitki sa\u011fl\u0131\u011f\u0131 ile ilgili konularda arazide periyodik kontrollerine devam ediyor. Bu \u00e7er\u00e7evede sahaya inen ekipler, portakal, mandalina gibi meyve a\u011fa\u00e7lar\u0131nda Akdeniz meyve sine\u011fi i\u00e7in, zeytin bah\u00e7elerinde zeytin sine\u011fi i\u00e7in,&#8230;<\/p>\n","protected":false},"author":1,"featured_media":45566,"comment_status":"open","ping_status":"open","sticky":false,"template":"","format":"standard","meta":{"_crdt_document":"","footnotes":""},"categories":[1],"tags":[],"class_list":["post-45565","post","type-post","status-publish","format-standard","has-post-thumbnail","hentry","category-guncel"],"_links":{"self":[{"href":"https:\/\/www.egemtv.com\/index.php?rest_route=\/wp\/v2\/posts\/45565","targetHints":{"allow":["GET"]}}],"collection":[{"href":"https:\/\/www.egemtv.com\/index.php?rest_route=\/wp\/v2\/posts"}],"about":[{"href":"https:\/\/www.egemtv.com\/index.php?rest_route=\/wp\/v2\/types\/post"}],"author":[{"embeddable":true,"href":"https:\/\/www.egemtv.com\/index.php?rest_route=\/wp\/v2\/users\/1"}],"replies":[{"embeddable":true,"href":"https:\/\/www.egemtv.com\/index.php?rest_route=%2Fwp%2Fv2%2Fcomments&post=45565"}],"version-history":[{"count":1,"href":"https:\/\/www.egemtv.com\/index.php?rest_route=\/wp\/v2\/posts\/45565\/revisions"}],"predecessor-version":[{"id":45567,"href":"https:\/\/www.egemtv.com\/index.php?rest_route=\/wp\/v2\/posts\/45565\/revisions\/45567"}],"wp:featuredmedia":[{"embeddable":true,"href":"https:\/\/www.egemtv.com\/index.php?rest_route=\/wp\/v2\/media\/45566"}],"wp:attachment":[{"href":"https:\/\/www.egemtv.com\/index.php?rest_route=%2Fwp%2Fv2%2Fmedia&parent=45565"}],"wp:term":[{"taxonomy":"category","embeddable":true,"href":"https:\/\/www.egemtv.com\/index.php?rest_route=%2Fwp%2Fv2%2Fcategories&post=45565"},{"taxonomy":"post_tag","embeddable":true,"href":"https:\/\/www.egemtv.com\/index.php?rest_route=%2Fwp%2Fv2%2Ftags&post=45565"}],"curies":[{"name":"wp","href":"https:\/\/api.w.org\/{rel}","templated":true}]}}