{"id":45562,"date":"2025-07-30T10:35:31","date_gmt":"2025-07-30T07:35:31","guid":{"rendered":"https:\/\/www.egemtv.com\/?p=45562"},"modified":"2025-07-30T10:35:31","modified_gmt":"2025-07-30T07:35:31","slug":"bozdogandaki-kazada-25-yasindaki-genc-hayatini-kaybetti","status":"publish","type":"post","link":"https:\/\/www.egemtv.com\/?p=45562","title":{"rendered":"Bozdo\u011fan\u2019daki kazada 25 ya\u015f\u0131ndaki gen\u00e7 hayat\u0131n\u0131 kaybetti"},"content":{"rendered":"<p>Ayd\u0131n\u2019\u0131n Bozdo\u011fan il\u00e7esinde meydana gelen trafik kazas\u0131nda 25 ya\u015f\u0131ndaki bir gen\u00e7 ya\u015fam\u0131n\u0131 yitirdi.<br \/>\n<br \/>Kaza, Bozdo\u011fan Yeni Mahalle\u2019de bulunan \u0130lek Pazar\u0131 mevkiinde d\u00fcn ak\u015fam saatlerinde meydana geldi. Edinilen bilgilere g\u00f6re, 25 ya\u015f\u0131ndaki Berkant Alt\u0131nok, motosikletiyle seyir halindeyken direksiyon hakimiyetini kaybederek yol kenar\u0131ndaki dire\u011fe \u00e7arpt\u0131. \u00c7arpman\u0131n etkisiyle a\u011f\u0131r yaralanan gen\u00e7 i\u00e7in olay yerine sa\u011fl\u0131k ekipleri sevk edildi. Sa\u011fl\u0131k ekiplerinin t\u00fcm m\u00fcdahalelerine ra\u011fmen Berkant Alt\u0131nok kurtar\u0131lamayarak hayat\u0131n\u0131 kaybetti. Kazayla ilgili soru\u015fturma ba\u015flat\u0131ld\u0131.<br \/><\/p>\n","protected":false},"excerpt":{"rendered":"<p>Ayd\u0131n\u2019\u0131n Bozdo\u011fan il\u00e7esinde meydana gelen trafik kazas\u0131nda 25 ya\u015f\u0131ndaki bir gen\u00e7 ya\u015fam\u0131n\u0131 yitirdi. Kaza, Bozdo\u011fan Yeni Mahalle\u2019de bulunan \u0130lek Pazar\u0131 mevkiinde d\u00fcn ak\u015fam saatlerinde meydana geldi. Edinilen bilgilere g\u00f6re, 25 ya\u015f\u0131ndaki Berkant Alt\u0131nok, motosikletiyle seyir halindeyken direksiyon hakimiyetini kaybederek yol kenar\u0131ndaki dire\u011fe \u00e7arpt\u0131. \u00c7arpman\u0131n etkisiyle a\u011f\u0131r yaralanan gen\u00e7 i\u00e7in olay yerine sa\u011fl\u0131k ekipleri sevk edildi&#8230;.<\/p>\n","protected":false},"author":1,"featured_media":45563,"comment_status":"open","ping_status":"open","sticky":false,"template":"","format":"standard","meta":{"_crdt_document":"","footnotes":""},"categories":[5],"tags":[],"class_list":["post-45562","post","type-post","status-publish","format-standard","has-post-thumbnail","hentry","category-asayis"],"_links":{"self":[{"href":"https:\/\/www.egemtv.com\/index.php?rest_route=\/wp\/v2\/posts\/45562","targetHints":{"allow":["GET"]}}],"collection":[{"href":"https:\/\/www.egemtv.com\/index.php?rest_route=\/wp\/v2\/posts"}],"about":[{"href":"https:\/\/www.egemtv.com\/index.php?rest_route=\/wp\/v2\/types\/post"}],"author":[{"embeddable":true,"href":"https:\/\/www.egemtv.com\/index.php?rest_route=\/wp\/v2\/users\/1"}],"replies":[{"embeddable":true,"href":"https:\/\/www.egemtv.com\/index.php?rest_route=%2Fwp%2Fv2%2Fcomments&post=45562"}],"version-history":[{"count":1,"href":"https:\/\/www.egemtv.com\/index.php?rest_route=\/wp\/v2\/posts\/45562\/revisions"}],"predecessor-version":[{"id":45564,"href":"https:\/\/www.egemtv.com\/index.php?rest_route=\/wp\/v2\/posts\/45562\/revisions\/45564"}],"wp:featuredmedia":[{"embeddable":true,"href":"https:\/\/www.egemtv.com\/index.php?rest_route=\/wp\/v2\/media\/45563"}],"wp:attachment":[{"href":"https:\/\/www.egemtv.com\/index.php?rest_route=%2Fwp%2Fv2%2Fmedia&parent=45562"}],"wp:term":[{"taxonomy":"category","embeddable":true,"href":"https:\/\/www.egemtv.com\/index.php?rest_route=%2Fwp%2Fv2%2Fcategories&post=45562"},{"taxonomy":"post_tag","embeddable":true,"href":"https:\/\/www.egemtv.com\/index.php?rest_route=%2Fwp%2Fv2%2Ftags&post=45562"}],"curies":[{"name":"wp","href":"https:\/\/api.w.org\/{rel}","templated":true}]}}