{"id":45559,"date":"2025-07-30T10:14:53","date_gmt":"2025-07-30T07:14:53","guid":{"rendered":"https:\/\/www.egemtv.com\/?p=45559"},"modified":"2025-07-30T10:14:55","modified_gmt":"2025-07-30T07:14:55","slug":"yolcu-ayagini-cikardi-cezayi-surucu-yedi","status":"publish","type":"post","link":"https:\/\/www.egemtv.com\/?p=45559","title":{"rendered":"Yolcu aya\u011f\u0131n\u0131 \u00e7\u0131kard\u0131, cezay\u0131 s\u00fcr\u00fcc\u00fc yedi"},"content":{"rendered":"<p>Denizli \u0130l Emniyet M\u00fcd\u00fcrl\u00fc\u011f\u00fc, sa\u011f \u00f6n koltuktaki yolcunun ayaklar\u0131n\u0131 camdan d\u0131\u015far\u0131 \u00e7\u0131kararak seyir eden ara\u00e7 s\u00fcr\u00fcc\u00fcne, tedbirsiz ve sayg\u0131s\u0131z davran\u0131\u015flarda bulunarak ara\u00e7 s\u00fcrd\u00fc\u011f\u00fc ve trafi\u011fi tehlikeye d\u00fc\u015f\u00fcrd\u00fc\u011f\u00fc i\u00e7in 993 TL idari para cezas\u0131 kesti.<\/p>\n<p>Denizli-Antalya kara yolunda kent merkezi istikametinde seyir halinde olan 20 SE 492 plakal\u0131 Tofa\u015f marka otomobilde bulunan yolcunun tehlikeli hareketi, cep telefonu kameras\u0131yla kaydedilmi\u015fti. \u00d6n yolcu koltu\u011funda oturan vatanda\u015f, iki aya\u011f\u0131n\u0131 da d\u0131\u015far\u0131ya \u00e7\u0131kartarak kilometrelerce yol yolculuk yapt\u0131\u011f\u0131 g\u00f6r\u00fcnt\u00fclendi.<\/p>\n<p>Denizli \u0130l Emniyet M\u00fcd\u00fcrl\u00fc\u011f\u00fc Serinhisar B\u00f6lge trafik Denetleme \u0130stasyon Amirli\u011fi ekiplerince yap\u0131lan kamera kayd\u0131 incelemelerinin ard\u0131ndan ara\u00e7 s\u00fcr\u00fcc\u00fcs\u00fcne 2918 say\u0131l\u0131 Karayollar\u0131 Trafik Kanunu\u2019nun 73\/A maddesi gere\u011fince \u2019Karayollar\u0131nda kamunun rahat ve huzurunu bozacak veya ki\u015filere zarar verecek \u015fekilde; \u00f6zel ama\u00e7larla keyfi ya da kas\u0131tl\u0131 davran\u0131\u015flarda bulunarak yaya veya ara\u00e7 trafi\u011finin seyir emniyetini ihlal etmek suretiyle tedbirsiz ve sayg\u0131s\u0131z davran\u0131\u015flarda bulunarak ara\u00e7 s\u00fcrmek\u2019 su\u00e7undan 993 TL idari para cezas\u0131 uyguland\u0131.<br \/><\/p>\n","protected":false},"excerpt":{"rendered":"<p>Denizli \u0130l Emniyet M\u00fcd\u00fcrl\u00fc\u011f\u00fc, sa\u011f \u00f6n koltuktaki yolcunun ayaklar\u0131n\u0131 camdan d\u0131\u015far\u0131 \u00e7\u0131kararak seyir eden ara\u00e7 s\u00fcr\u00fcc\u00fcne, tedbirsiz ve sayg\u0131s\u0131z davran\u0131\u015flarda bulunarak ara\u00e7 s\u00fcrd\u00fc\u011f\u00fc ve trafi\u011fi tehlikeye d\u00fc\u015f\u00fcrd\u00fc\u011f\u00fc i\u00e7in 993 TL idari para cezas\u0131 kesti. Denizli-Antalya kara yolunda kent merkezi istikametinde seyir halinde olan 20 SE 492 plakal\u0131 Tofa\u015f marka otomobilde bulunan yolcunun tehlikeli hareketi, cep&#8230;<\/p>\n","protected":false},"author":1,"featured_media":45560,"comment_status":"open","ping_status":"open","sticky":false,"template":"","format":"standard","meta":{"_crdt_document":"","footnotes":""},"categories":[5],"tags":[],"class_list":["post-45559","post","type-post","status-publish","format-standard","has-post-thumbnail","hentry","category-asayis"],"_links":{"self":[{"href":"https:\/\/www.egemtv.com\/index.php?rest_route=\/wp\/v2\/posts\/45559","targetHints":{"allow":["GET"]}}],"collection":[{"href":"https:\/\/www.egemtv.com\/index.php?rest_route=\/wp\/v2\/posts"}],"about":[{"href":"https:\/\/www.egemtv.com\/index.php?rest_route=\/wp\/v2\/types\/post"}],"author":[{"embeddable":true,"href":"https:\/\/www.egemtv.com\/index.php?rest_route=\/wp\/v2\/users\/1"}],"replies":[{"embeddable":true,"href":"https:\/\/www.egemtv.com\/index.php?rest_route=%2Fwp%2Fv2%2Fcomments&post=45559"}],"version-history":[{"count":1,"href":"https:\/\/www.egemtv.com\/index.php?rest_route=\/wp\/v2\/posts\/45559\/revisions"}],"predecessor-version":[{"id":45561,"href":"https:\/\/www.egemtv.com\/index.php?rest_route=\/wp\/v2\/posts\/45559\/revisions\/45561"}],"wp:featuredmedia":[{"embeddable":true,"href":"https:\/\/www.egemtv.com\/index.php?rest_route=\/wp\/v2\/media\/45560"}],"wp:attachment":[{"href":"https:\/\/www.egemtv.com\/index.php?rest_route=%2Fwp%2Fv2%2Fmedia&parent=45559"}],"wp:term":[{"taxonomy":"category","embeddable":true,"href":"https:\/\/www.egemtv.com\/index.php?rest_route=%2Fwp%2Fv2%2Fcategories&post=45559"},{"taxonomy":"post_tag","embeddable":true,"href":"https:\/\/www.egemtv.com\/index.php?rest_route=%2Fwp%2Fv2%2Ftags&post=45559"}],"curies":[{"name":"wp","href":"https:\/\/api.w.org\/{rel}","templated":true}]}}