{"id":45556,"date":"2025-07-30T09:55:04","date_gmt":"2025-07-30T06:55:04","guid":{"rendered":"https:\/\/www.egemtv.com\/?p=45556"},"modified":"2025-07-30T09:55:05","modified_gmt":"2025-07-30T06:55:05","slug":"babadagin-yollari-daha-guvenli-hale-getiriliyor","status":"publish","type":"post","link":"https:\/\/www.egemtv.com\/?p=45556","title":{"rendered":"Babada\u011f\u2019\u0131n yollar\u0131 daha g\u00fcvenli hale getiriliyor"},"content":{"rendered":"<p>DEN\u0130ZL\u0130 (\u0130HA) \u2013 Denizli\u2019nin Babada\u011f Belediye Ba\u015fkan\u0131 Murat Kumral, il\u00e7enin dar ve engebeli yollar\u0131n\u0131 daha g\u00fcvenli, modern ve de kullan\u0131\u015fl\u0131 hale getirdiklerini belirterek, &#8220;Babada\u011f bizim en b\u00fcy\u00fck sevdam\u0131z&#8221; dedi.<\/p>\n<p>Babada\u011f Belediye Ba\u015fkan\u0131 Murat Kumral, il\u00e7e merkezinde devam eden \u00fcst yap\u0131 \u00e7al\u0131\u015fmalar\u0131n\u0131 yerinde inceledi.<\/p>\n<p>Ba\u015fkan Kumral, \u00e7al\u0131\u015fmalarla ilgili yapt\u0131\u011f\u0131 a\u00e7\u0131klamada; &#8220;\u0130l\u00e7emizin dar ve engebeli yollar\u0131n\u0131 daha g\u00fcvenli, modern ve kullan\u0131\u015fl\u0131 hale getirmek i\u00e7in beton serim ve d\u00fczenleme \u00e7al\u0131\u015fmalar\u0131m\u0131za ara vermeden devam ediyoruz. Bu \u00e7al\u0131\u015fmalarla hem ula\u015f\u0131m\u0131 kolayla\u015ft\u0131r\u0131yor, hem de mahallelerimizin g\u00f6r\u00fcn\u00fcm\u00fcn\u00fc g\u00fczelle\u015ftiriyoruz. Babada\u011f\u2019\u0131m\u0131z i\u00e7in gece g\u00fcnd\u00fcz demeden, yorulmadan \u00e7al\u0131\u015fmaya devam edece\u011fiz. Babada\u011f bizim en b\u00fcy\u00fck sevdam\u0131z&#8221; dedi.<br \/><\/p>\n","protected":false},"excerpt":{"rendered":"<p>DEN\u0130ZL\u0130 (\u0130HA) \u2013 Denizli\u2019nin Babada\u011f Belediye Ba\u015fkan\u0131 Murat Kumral, il\u00e7enin dar ve engebeli yollar\u0131n\u0131 daha g\u00fcvenli, modern ve de kullan\u0131\u015fl\u0131 hale getirdiklerini belirterek, &#8220;Babada\u011f bizim en b\u00fcy\u00fck sevdam\u0131z&#8221; dedi. Babada\u011f Belediye Ba\u015fkan\u0131 Murat Kumral, il\u00e7e merkezinde devam eden \u00fcst yap\u0131 \u00e7al\u0131\u015fmalar\u0131n\u0131 yerinde inceledi. Ba\u015fkan Kumral, \u00e7al\u0131\u015fmalarla ilgili yapt\u0131\u011f\u0131 a\u00e7\u0131klamada; &#8220;\u0130l\u00e7emizin dar ve engebeli yollar\u0131n\u0131 daha&#8230;<\/p>\n","protected":false},"author":1,"featured_media":45557,"comment_status":"open","ping_status":"open","sticky":false,"template":"","format":"standard","meta":{"_crdt_document":"","footnotes":""},"categories":[1],"tags":[],"class_list":["post-45556","post","type-post","status-publish","format-standard","has-post-thumbnail","hentry","category-guncel"],"_links":{"self":[{"href":"https:\/\/www.egemtv.com\/index.php?rest_route=\/wp\/v2\/posts\/45556","targetHints":{"allow":["GET"]}}],"collection":[{"href":"https:\/\/www.egemtv.com\/index.php?rest_route=\/wp\/v2\/posts"}],"about":[{"href":"https:\/\/www.egemtv.com\/index.php?rest_route=\/wp\/v2\/types\/post"}],"author":[{"embeddable":true,"href":"https:\/\/www.egemtv.com\/index.php?rest_route=\/wp\/v2\/users\/1"}],"replies":[{"embeddable":true,"href":"https:\/\/www.egemtv.com\/index.php?rest_route=%2Fwp%2Fv2%2Fcomments&post=45556"}],"version-history":[{"count":1,"href":"https:\/\/www.egemtv.com\/index.php?rest_route=\/wp\/v2\/posts\/45556\/revisions"}],"predecessor-version":[{"id":45558,"href":"https:\/\/www.egemtv.com\/index.php?rest_route=\/wp\/v2\/posts\/45556\/revisions\/45558"}],"wp:featuredmedia":[{"embeddable":true,"href":"https:\/\/www.egemtv.com\/index.php?rest_route=\/wp\/v2\/media\/45557"}],"wp:attachment":[{"href":"https:\/\/www.egemtv.com\/index.php?rest_route=%2Fwp%2Fv2%2Fmedia&parent=45556"}],"wp:term":[{"taxonomy":"category","embeddable":true,"href":"https:\/\/www.egemtv.com\/index.php?rest_route=%2Fwp%2Fv2%2Fcategories&post=45556"},{"taxonomy":"post_tag","embeddable":true,"href":"https:\/\/www.egemtv.com\/index.php?rest_route=%2Fwp%2Fv2%2Ftags&post=45556"}],"curies":[{"name":"wp","href":"https:\/\/api.w.org\/{rel}","templated":true}]}}