{"id":45550,"date":"2025-07-30T09:55:01","date_gmt":"2025-07-30T06:55:01","guid":{"rendered":"https:\/\/www.egemtv.com\/?p=45550"},"modified":"2025-07-30T09:55:03","modified_gmt":"2025-07-30T06:55:03","slug":"incirliovada-motosiklet-kazasi-1-olu-2","status":"publish","type":"post","link":"https:\/\/www.egemtv.com\/?p=45550","title":{"rendered":"\u0130ncirliova\u2019da motosiklet kazas\u0131: 1 \u00f6l\u00fc"},"content":{"rendered":"<p>Ayd\u0131n\u2019\u0131n \u0130ncirliova il\u00e7esinde meydana gelen trafik kazas\u0131nda bir ki\u015fi hayat\u0131n\u0131 kaybetti.<\/p>\n<p>Olay, Ayd\u0131n-\u0130zmir karayolu \u00fczerindeki Erbeyli \u015eehitli\u011fi yak\u0131n\u0131nda meydanda geldi. Yoldan ge\u00e7en s\u00fcr\u00fcc\u00fcler, \u015farampolde bir motosiklet ve hareketsiz halde yatan bir ki\u015finin oldu\u011funu fark etti. Durumu hemen 112 ekiplerine haber verdi. Olay yerine jandarma ve sa\u011fl\u0131k ekipleri sevk edildi. Kimli\u011fi tespit edilen ki\u015finin 44 ya\u015f\u0131ndaki Selim Erta\u015f oldu\u011fu ve hayat\u0131n\u0131 kaybetti\u011fi belirlendi. Cenaze Ayd\u0131n Adnan Menderes \u00dcniversitesi Hastanesi morguna kald\u0131r\u0131ld\u0131.<br \/>\n<br \/>Kazan\u0131n nas\u0131l oldu\u011funa ili\u015fkin b\u00f6lgedeki kameralar jandarma taraf\u0131ndan incelemeye al\u0131nd\u0131.<br \/><\/p>\n","protected":false},"excerpt":{"rendered":"<p>Ayd\u0131n\u2019\u0131n \u0130ncirliova il\u00e7esinde meydana gelen trafik kazas\u0131nda bir ki\u015fi hayat\u0131n\u0131 kaybetti. Olay, Ayd\u0131n-\u0130zmir karayolu \u00fczerindeki Erbeyli \u015eehitli\u011fi yak\u0131n\u0131nda meydanda geldi. Yoldan ge\u00e7en s\u00fcr\u00fcc\u00fcler, \u015farampolde bir motosiklet ve hareketsiz halde yatan bir ki\u015finin oldu\u011funu fark etti. Durumu hemen 112 ekiplerine haber verdi. Olay yerine jandarma ve sa\u011fl\u0131k ekipleri sevk edildi. Kimli\u011fi tespit edilen ki\u015finin 44 ya\u015f\u0131ndaki&#8230;<\/p>\n","protected":false},"author":1,"featured_media":45551,"comment_status":"open","ping_status":"open","sticky":false,"template":"","format":"standard","meta":{"_crdt_document":"","footnotes":""},"categories":[5],"tags":[],"class_list":["post-45550","post","type-post","status-publish","format-standard","has-post-thumbnail","hentry","category-asayis"],"_links":{"self":[{"href":"https:\/\/www.egemtv.com\/index.php?rest_route=\/wp\/v2\/posts\/45550","targetHints":{"allow":["GET"]}}],"collection":[{"href":"https:\/\/www.egemtv.com\/index.php?rest_route=\/wp\/v2\/posts"}],"about":[{"href":"https:\/\/www.egemtv.com\/index.php?rest_route=\/wp\/v2\/types\/post"}],"author":[{"embeddable":true,"href":"https:\/\/www.egemtv.com\/index.php?rest_route=\/wp\/v2\/users\/1"}],"replies":[{"embeddable":true,"href":"https:\/\/www.egemtv.com\/index.php?rest_route=%2Fwp%2Fv2%2Fcomments&post=45550"}],"version-history":[{"count":1,"href":"https:\/\/www.egemtv.com\/index.php?rest_route=\/wp\/v2\/posts\/45550\/revisions"}],"predecessor-version":[{"id":45552,"href":"https:\/\/www.egemtv.com\/index.php?rest_route=\/wp\/v2\/posts\/45550\/revisions\/45552"}],"wp:featuredmedia":[{"embeddable":true,"href":"https:\/\/www.egemtv.com\/index.php?rest_route=\/wp\/v2\/media\/45551"}],"wp:attachment":[{"href":"https:\/\/www.egemtv.com\/index.php?rest_route=%2Fwp%2Fv2%2Fmedia&parent=45550"}],"wp:term":[{"taxonomy":"category","embeddable":true,"href":"https:\/\/www.egemtv.com\/index.php?rest_route=%2Fwp%2Fv2%2Fcategories&post=45550"},{"taxonomy":"post_tag","embeddable":true,"href":"https:\/\/www.egemtv.com\/index.php?rest_route=%2Fwp%2Fv2%2Ftags&post=45550"}],"curies":[{"name":"wp","href":"https:\/\/api.w.org\/{rel}","templated":true}]}}