{"id":45547,"date":"2025-07-30T09:55:00","date_gmt":"2025-07-30T06:55:00","guid":{"rendered":"https:\/\/www.egemtv.com\/?p=45547"},"modified":"2025-07-30T09:55:01","modified_gmt":"2025-07-30T06:55:01","slug":"aydinda-cocuklar-satrancla-dusunmeyi-ogreniyor","status":"publish","type":"post","link":"https:\/\/www.egemtv.com\/?p=45547","title":{"rendered":"Ayd\u0131n\u2019da \u00e7ocuklar satran\u00e7la d\u00fc\u015f\u00fcnmeyi \u00f6\u011freniyor"},"content":{"rendered":"<p>Ayd\u0131n B\u00fcy\u00fck\u015fehir Belediyesi\u2019nin yaz kurslar\u0131 kapsam\u0131ndaki satran\u00e7 e\u011fitimlerine yo\u011fun ilgi g\u00f6steren \u00e7ocuklar, galibiyet i\u00e7in hamle yaparken satran\u00e7la d\u00fc\u015f\u00fcnmeyi \u00f6\u011freniyor.<\/p>\n<p>Ayd\u0131n B\u00fcy\u00fck\u015fehir Belediyesi\u2019nin yaz kurslar\u0131 kapsam\u0131nda d\u00fczenledi\u011fi satran\u00e7 e\u011fitimleri, \u00e7ocuklara sadece oyunu de\u011fil, stratejik d\u00fc\u015f\u00fcnmeyi, sab\u0131rl\u0131 olmay\u0131 ve do\u011fru zamanda do\u011fru karar vermeyi de \u00f6\u011fretiyor. B\u00fcy\u00fck\u015fehir Belediyesi\u2019nin \u00fccretsiz olarak sundu\u011fu kurslar, yaz tatilini verimli ge\u00e7irmek isteyen \u00e7ocuklar i\u00e7in hem e\u011fitici hem de keyifli bir alternatif sunuyor.<\/p>\n<p>Alan\u0131nda uzman e\u011fitmenler e\u015fli\u011finde ger\u00e7ekle\u015fen derslerde minik kat\u0131l\u0131mc\u0131lar, satranc\u0131n temel kurallar\u0131ndan ba\u015flayarak hamle stratejilerine kadar pek \u00e7ok bilgi ediniyor. Satran\u00e7 tahtas\u0131nda yap\u0131lan her hamle, \u00e7ocuklar\u0131n zihinsel geli\u015fimine katk\u0131 sunarken, odaklanma ve problem \u00e7\u00f6zme becerilerini de g\u00fc\u00e7lendiriyor.<\/p>\n<p>Kurslar\u0131n yo\u011fun ilgi g\u00f6rd\u00fc\u011f\u00fcn\u00fc belirten Ayd\u0131n B\u00fcy\u00fck\u015fehir Belediye Ba\u015fkan\u0131 \u00d6zlem \u00c7er\u00e7io\u011flu, &#8220;Yaz kurslar\u0131m\u0131zla \u00e7ocuklar\u0131m\u0131z\u0131 hem e\u011flendiriyor hem geli\u015ftiriyoruz. Satran\u00e7 kurslar\u0131m\u0131z sayesinde \u00e7ocuklar\u0131m\u0131z d\u00fc\u015f\u00fcnmeyi, planlamay\u0131 ve sab\u0131rl\u0131 olmay\u0131 \u00f6\u011freniyor. Ayd\u0131n\u2019da gelece\u011fin g\u00fc\u00e7l\u00fc bireylerini yeti\u015ftirmenin gururunu ya\u015f\u0131yoruz&#8221; ifadelerini kulland\u0131.<\/p>\n<p>Veliler, \u00e7ocuklar\u0131n\u0131n satran\u00e7 sayesinde dikkat s\u00fcresinin artt\u0131\u011f\u0131n\u0131 ve bo\u015f zamanlar\u0131n\u0131 verimli ge\u00e7irdiklerini s\u00f6yleyerek, Ayd\u0131n B\u00fcy\u00fck\u015fehir Belediyesi\u2019ne ve Ba\u015fkan \u00c7er\u00e7io\u011flu\u2019na te\u015fekk\u00fcr etti.<br \/><\/p>\n","protected":false},"excerpt":{"rendered":"<p>Ayd\u0131n B\u00fcy\u00fck\u015fehir Belediyesi\u2019nin yaz kurslar\u0131 kapsam\u0131ndaki satran\u00e7 e\u011fitimlerine yo\u011fun ilgi g\u00f6steren \u00e7ocuklar, galibiyet i\u00e7in hamle yaparken satran\u00e7la d\u00fc\u015f\u00fcnmeyi \u00f6\u011freniyor. Ayd\u0131n B\u00fcy\u00fck\u015fehir Belediyesi\u2019nin yaz kurslar\u0131 kapsam\u0131nda d\u00fczenledi\u011fi satran\u00e7 e\u011fitimleri, \u00e7ocuklara sadece oyunu de\u011fil, stratejik d\u00fc\u015f\u00fcnmeyi, sab\u0131rl\u0131 olmay\u0131 ve do\u011fru zamanda do\u011fru karar vermeyi de \u00f6\u011fretiyor. B\u00fcy\u00fck\u015fehir Belediyesi\u2019nin \u00fccretsiz olarak sundu\u011fu kurslar, yaz tatilini verimli ge\u00e7irmek isteyen&#8230;<\/p>\n","protected":false},"author":1,"featured_media":45548,"comment_status":"open","ping_status":"open","sticky":false,"template":"","format":"standard","meta":{"_crdt_document":"","footnotes":""},"categories":[1],"tags":[],"class_list":["post-45547","post","type-post","status-publish","format-standard","has-post-thumbnail","hentry","category-guncel"],"_links":{"self":[{"href":"https:\/\/www.egemtv.com\/index.php?rest_route=\/wp\/v2\/posts\/45547","targetHints":{"allow":["GET"]}}],"collection":[{"href":"https:\/\/www.egemtv.com\/index.php?rest_route=\/wp\/v2\/posts"}],"about":[{"href":"https:\/\/www.egemtv.com\/index.php?rest_route=\/wp\/v2\/types\/post"}],"author":[{"embeddable":true,"href":"https:\/\/www.egemtv.com\/index.php?rest_route=\/wp\/v2\/users\/1"}],"replies":[{"embeddable":true,"href":"https:\/\/www.egemtv.com\/index.php?rest_route=%2Fwp%2Fv2%2Fcomments&post=45547"}],"version-history":[{"count":1,"href":"https:\/\/www.egemtv.com\/index.php?rest_route=\/wp\/v2\/posts\/45547\/revisions"}],"predecessor-version":[{"id":45549,"href":"https:\/\/www.egemtv.com\/index.php?rest_route=\/wp\/v2\/posts\/45547\/revisions\/45549"}],"wp:featuredmedia":[{"embeddable":true,"href":"https:\/\/www.egemtv.com\/index.php?rest_route=\/wp\/v2\/media\/45548"}],"wp:attachment":[{"href":"https:\/\/www.egemtv.com\/index.php?rest_route=%2Fwp%2Fv2%2Fmedia&parent=45547"}],"wp:term":[{"taxonomy":"category","embeddable":true,"href":"https:\/\/www.egemtv.com\/index.php?rest_route=%2Fwp%2Fv2%2Fcategories&post=45547"},{"taxonomy":"post_tag","embeddable":true,"href":"https:\/\/www.egemtv.com\/index.php?rest_route=%2Fwp%2Fv2%2Ftags&post=45547"}],"curies":[{"name":"wp","href":"https:\/\/api.w.org\/{rel}","templated":true}]}}