{"id":45544,"date":"2025-07-30T09:54:59","date_gmt":"2025-07-30T06:54:59","guid":{"rendered":"https:\/\/www.egemtv.com\/?p=45544"},"modified":"2025-07-30T09:55:00","modified_gmt":"2025-07-30T06:55:00","slug":"baskan-eroldan-vali-canbolata-festival-daveti","status":"publish","type":"post","link":"https:\/\/www.egemtv.com\/?p=45544","title":{"rendered":"Ba\u015fkan Erol\u2019dan, Vali Canbolat\u2019a festival daveti"},"content":{"rendered":"<p>Buharkent Belediye Ba\u015fkan\u0131 Mehmet Erol, Ayd\u0131n Valisi Yakup Canbolat\u2019\u0131 makam\u0131nda ziyaret ederek il\u00e7edeki festivale davet etti.<\/p>\n<p>Buharkent Belediye Ba\u015fkan\u0131 Mehmet Erol, 8, 9, 10 A\u011fustos tarihlerinde yap\u0131lacak olan Buharkent Belediyesi 18. K\u00fclt\u00fcr ve Sanat \u015eenli\u011fi, Taze \u0130ncir Festivali\u2019nin haz\u0131rl\u0131klar\u0131n\u0131n devam etti\u011fini ifade ederek, bu kapsamda davet ziyaretlerine devam ediyor.<\/p>\n<p>Ayd\u0131n\u2019da erkenci taze incir \u00fcretimi, toptan ticareti ve ihracat\u0131n\u0131n yap\u0131ld\u0131\u011f\u0131 nokta olarak bilinen Buharkent\u2019te taze incir sezonu i\u00e7in geri say\u0131m ba\u015flad\u0131. Taze incir \u00fcretimi yapan yerlere g\u00f6re iklimi nedeniyle en az 2 hafta \u00f6ncesinde hasada ba\u015flanmas\u0131 planlanan il\u00e7ede ayn\u0131 zamanda taze incirin tan\u0131t\u0131m\u0131 i\u00e7in d\u00fczenlenecek olan festivalin de haz\u0131rl\u0131klar\u0131 s\u00fcr\u00fcyor.<\/p>\n<p>Buharkent Belediye Ba\u015fkan\u0131 Mehmet Erol, Ayd\u0131n Valisi Yakup Canbolat\u2019\u0131 makam\u0131nda ziyaret ederek, 8-9-10 A\u011fustos\u2019ta 18\u2019incisini ger\u00e7ekle\u015ftirecekleri Taze \u0130ncir Festivali\u2019ne davet etti.<br \/><\/p>\n","protected":false},"excerpt":{"rendered":"<p>Buharkent Belediye Ba\u015fkan\u0131 Mehmet Erol, Ayd\u0131n Valisi Yakup Canbolat\u2019\u0131 makam\u0131nda ziyaret ederek il\u00e7edeki festivale davet etti. Buharkent Belediye Ba\u015fkan\u0131 Mehmet Erol, 8, 9, 10 A\u011fustos tarihlerinde yap\u0131lacak olan Buharkent Belediyesi 18. K\u00fclt\u00fcr ve Sanat \u015eenli\u011fi, Taze \u0130ncir Festivali\u2019nin haz\u0131rl\u0131klar\u0131n\u0131n devam etti\u011fini ifade ederek, bu kapsamda davet ziyaretlerine devam ediyor. Ayd\u0131n\u2019da erkenci taze incir \u00fcretimi, toptan&#8230;<\/p>\n","protected":false},"author":1,"featured_media":45545,"comment_status":"open","ping_status":"open","sticky":false,"template":"","format":"standard","meta":{"_crdt_document":"","footnotes":""},"categories":[1],"tags":[],"class_list":["post-45544","post","type-post","status-publish","format-standard","has-post-thumbnail","hentry","category-guncel"],"_links":{"self":[{"href":"https:\/\/www.egemtv.com\/index.php?rest_route=\/wp\/v2\/posts\/45544","targetHints":{"allow":["GET"]}}],"collection":[{"href":"https:\/\/www.egemtv.com\/index.php?rest_route=\/wp\/v2\/posts"}],"about":[{"href":"https:\/\/www.egemtv.com\/index.php?rest_route=\/wp\/v2\/types\/post"}],"author":[{"embeddable":true,"href":"https:\/\/www.egemtv.com\/index.php?rest_route=\/wp\/v2\/users\/1"}],"replies":[{"embeddable":true,"href":"https:\/\/www.egemtv.com\/index.php?rest_route=%2Fwp%2Fv2%2Fcomments&post=45544"}],"version-history":[{"count":1,"href":"https:\/\/www.egemtv.com\/index.php?rest_route=\/wp\/v2\/posts\/45544\/revisions"}],"predecessor-version":[{"id":45546,"href":"https:\/\/www.egemtv.com\/index.php?rest_route=\/wp\/v2\/posts\/45544\/revisions\/45546"}],"wp:featuredmedia":[{"embeddable":true,"href":"https:\/\/www.egemtv.com\/index.php?rest_route=\/wp\/v2\/media\/45545"}],"wp:attachment":[{"href":"https:\/\/www.egemtv.com\/index.php?rest_route=%2Fwp%2Fv2%2Fmedia&parent=45544"}],"wp:term":[{"taxonomy":"category","embeddable":true,"href":"https:\/\/www.egemtv.com\/index.php?rest_route=%2Fwp%2Fv2%2Fcategories&post=45544"},{"taxonomy":"post_tag","embeddable":true,"href":"https:\/\/www.egemtv.com\/index.php?rest_route=%2Fwp%2Fv2%2Ftags&post=45544"}],"curies":[{"name":"wp","href":"https:\/\/api.w.org\/{rel}","templated":true}]}}