{"id":45541,"date":"2025-07-30T09:34:51","date_gmt":"2025-07-30T06:34:51","guid":{"rendered":"https:\/\/www.egemtv.com\/?p=45541"},"modified":"2025-07-30T09:34:52","modified_gmt":"2025-07-30T06:34:52","slug":"gokyuzunun-buyusu-topuklu-yaylasinda-basliyor","status":"publish","type":"post","link":"https:\/\/www.egemtv.com\/?p=45541","title":{"rendered":"G\u00f6ky\u00fcz\u00fcn\u00fcn b\u00fcy\u00fcs\u00fc Topuklu Yaylas\u0131nda ba\u015fl\u0131yor"},"content":{"rendered":"<p>DEN\u0130ZL\u0130 (\u0130HA) \u2013 Denizli\u2019nin Beya\u011fa\u00e7 Belediye Ba\u015fkan\u0131 Sezayi P\u00fct\u00fcn, g\u00f6ky\u00fcz\u00fc tutkunlar\u0131n\u0131 Topuklu Yaylas\u0131na davet ederek, &#8220;G\u00f6ky\u00fcz\u00fcn\u00fcn b\u00fcy\u00fcs\u00fcne haz\u0131r olun&#8221; dedi.<\/p>\n<p>Beya\u011fa\u00e7 Belediye Ba\u015fkan\u0131 Sezayi P\u00fct\u00fcn, 5. Ethem Hoca ile Sandras G\u00f6ky\u00fcz\u00fc G\u00f6zlem Etkinliklerinin yap\u0131laca\u011f\u0131 Topuklu Yaylas\u0131ndaki son haz\u0131rl\u0131klar\u0131n\u0131 yerinde inceledi.<\/p>\n<p>Astronom Prof. Dr. Ethem Derman ile bilirlikte yar\u0131n yap\u0131lacak etkinlik \u00f6ncesi Topuklu Yaylas\u0131na \u00e7\u0131kan Ba\u015fkan P\u00fct\u00fcn, &#8220;Ethem Hoca ile Sandras G\u00f6ky\u00fcz\u00fc G\u00f6zlem Etkinlikleri ba\u015fl\u0131yor. Ethem Hoca yerini ald\u0131, k\u0131rm\u0131z\u0131 \u0131\u015f\u0131klar yand\u0131. G\u00f6ky\u00fcz\u00fcn\u00fcn b\u00fcy\u00fcs\u00fcne haz\u0131r olun. I\u015f\u0131k kirlili\u011finden uzak Topuklu Yaylas\u0131\u2019nda, y\u0131ld\u0131zlarla dolu unutulmaz gecelere davetlisiniz. Bilim, do\u011fa ve ke\u015fif dolu bu e\u015fsiz deneyimi ka\u00e7\u0131rmay\u0131n&#8221; dedi.<\/p>\n<p>Topuklu Yaylas\u0131\u2019n\u0131n g\u00f6ky\u00fcz\u00fc g\u00f6zlemleri i\u00e7in T\u00fcrkiye\u2019nin en uygun alanlar\u0131ndan biri oldu\u011funu belirten Ba\u015fkan P\u00fct\u00fcn, &#8220;Y\u0131ld\u0131zlara dokunmak i\u00e7in bu y\u0131l da Topuklu Yaylas\u0131\u2019nda bulu\u015fuyoruz. G\u00f6ky\u00fcz\u00fcn\u00fcn ihti\u015fam\u0131n\u0131 ke\u015ffetmek, unutulmaz bir deneyim ya\u015famak isteyen herkesi bekliyoruz. Topuklu Yaylas\u0131, Uluslararas\u0131 G\u00f6zlem Enstit\u00fcs\u00fc verilerine g\u00f6re en karanl\u0131k ve sessiz yer olarak belirlenmek \u00fczere. G\u00f6ky\u00fcz\u00fc g\u00f6rseli ile ilgilenen ki\u015filerin arad\u0131\u011f\u0131 her \u015fey var. Topuklu Yaylas\u0131\u2019n\u0131n \u2019Uluslararas\u0131 Karanl\u0131k G\u00f6ky\u00fcz\u00fc Park\u0131\u2019 stat\u00fcs\u00fc alabilmesi i\u00e7in merkezi ABD\u2019de bulunan Uluslararas\u0131 Karanl\u0131k G\u00f6ky\u00fcz\u00fc Parklar\u0131 Komitesi (IDA) ile s\u00fcreci ba\u015far\u0131yla s\u00fcrd\u00fcr\u00fcyoruz. Ge\u00e7ti\u011fimiz y\u0131l yakla\u015f\u0131k 3 bin ki\u015finin kat\u0131l\u0131m\u0131yla ger\u00e7ekle\u015fen bu organizasyona bu y\u0131l 5 binin \u00fczerinde g\u00f6ky\u00fcz\u00fc merakl\u0131s\u0131n\u0131 a\u011f\u0131rlamay\u0131 bekliyoruz. Bin 600 metre rak\u0131ma sahip, \u0131\u015f\u0131k kirlili\u011finden uzak Topuklu Yaylas\u0131, g\u00f6zlem i\u00e7in son derece elveri\u015fli. \u00c7ad\u0131r ve karavan alanlar\u0131, s\u0131cak du\u015f, tuvalet ve ula\u015f\u0131m kolayl\u0131\u011f\u0131 gibi imkanlar\u0131m\u0131z haz\u0131r&#8221; diye konu\u015ftu.<br \/><\/p>\n","protected":false},"excerpt":{"rendered":"<p>DEN\u0130ZL\u0130 (\u0130HA) \u2013 Denizli\u2019nin Beya\u011fa\u00e7 Belediye Ba\u015fkan\u0131 Sezayi P\u00fct\u00fcn, g\u00f6ky\u00fcz\u00fc tutkunlar\u0131n\u0131 Topuklu Yaylas\u0131na davet ederek, &#8220;G\u00f6ky\u00fcz\u00fcn\u00fcn b\u00fcy\u00fcs\u00fcne haz\u0131r olun&#8221; dedi. Beya\u011fa\u00e7 Belediye Ba\u015fkan\u0131 Sezayi P\u00fct\u00fcn, 5. Ethem Hoca ile Sandras G\u00f6ky\u00fcz\u00fc G\u00f6zlem Etkinliklerinin yap\u0131laca\u011f\u0131 Topuklu Yaylas\u0131ndaki son haz\u0131rl\u0131klar\u0131n\u0131 yerinde inceledi. Astronom Prof. Dr. Ethem Derman ile bilirlikte yar\u0131n yap\u0131lacak etkinlik \u00f6ncesi Topuklu Yaylas\u0131na \u00e7\u0131kan Ba\u015fkan&#8230;<\/p>\n","protected":false},"author":1,"featured_media":45542,"comment_status":"open","ping_status":"open","sticky":false,"template":"","format":"standard","meta":{"_crdt_document":"","footnotes":""},"categories":[124],"tags":[],"class_list":["post-45541","post","type-post","status-publish","format-standard","has-post-thumbnail","hentry","category-bilim"],"_links":{"self":[{"href":"https:\/\/www.egemtv.com\/index.php?rest_route=\/wp\/v2\/posts\/45541","targetHints":{"allow":["GET"]}}],"collection":[{"href":"https:\/\/www.egemtv.com\/index.php?rest_route=\/wp\/v2\/posts"}],"about":[{"href":"https:\/\/www.egemtv.com\/index.php?rest_route=\/wp\/v2\/types\/post"}],"author":[{"embeddable":true,"href":"https:\/\/www.egemtv.com\/index.php?rest_route=\/wp\/v2\/users\/1"}],"replies":[{"embeddable":true,"href":"https:\/\/www.egemtv.com\/index.php?rest_route=%2Fwp%2Fv2%2Fcomments&post=45541"}],"version-history":[{"count":1,"href":"https:\/\/www.egemtv.com\/index.php?rest_route=\/wp\/v2\/posts\/45541\/revisions"}],"predecessor-version":[{"id":45543,"href":"https:\/\/www.egemtv.com\/index.php?rest_route=\/wp\/v2\/posts\/45541\/revisions\/45543"}],"wp:featuredmedia":[{"embeddable":true,"href":"https:\/\/www.egemtv.com\/index.php?rest_route=\/wp\/v2\/media\/45542"}],"wp:attachment":[{"href":"https:\/\/www.egemtv.com\/index.php?rest_route=%2Fwp%2Fv2%2Fmedia&parent=45541"}],"wp:term":[{"taxonomy":"category","embeddable":true,"href":"https:\/\/www.egemtv.com\/index.php?rest_route=%2Fwp%2Fv2%2Fcategories&post=45541"},{"taxonomy":"post_tag","embeddable":true,"href":"https:\/\/www.egemtv.com\/index.php?rest_route=%2Fwp%2Fv2%2Ftags&post=45541"}],"curies":[{"name":"wp","href":"https:\/\/api.w.org\/{rel}","templated":true}]}}