{"id":45538,"date":"2025-07-30T09:34:50","date_gmt":"2025-07-30T06:34:50","guid":{"rendered":"https:\/\/www.egemtv.com\/?p=45538"},"modified":"2025-07-30T09:34:51","modified_gmt":"2025-07-30T06:34:51","slug":"kutahyada-kadina-yonelik-siddet-ve-cocuk-koruma-calismalari-degerlendirildi","status":"publish","type":"post","link":"https:\/\/www.egemtv.com\/?p=45538","title":{"rendered":"K\u00fctahya\u2019da \u2019Kad\u0131na Y\u00f6nelik \u015eiddet ve \u00c7ocuk Koruma \u00c7al\u0131\u015fmalar\u0131\u2019 de\u011ferlendirildi"},"content":{"rendered":"<p>K\u00fctahya\u2019da, 2025 y\u0131l\u0131 3. D\u00f6nem Kad\u0131na Y\u00f6nelik \u015eiddetle M\u00fccadele \u0130l Koordinasyon, \u0130zleme ve De\u011ferlendirme Kurulu ile \u00c7ocuk Koruma \u0130l Koordinasyon Kurulu toplant\u0131lar\u0131 ger\u00e7ekle\u015ftirildi.<br \/>\n<br \/>Vali Yard\u0131mc\u0131s\u0131 Harun Kazez ba\u015fkanl\u0131\u011f\u0131nda yap\u0131lan toplant\u0131lara, ilgili kurum ve kurulu\u015f temsilcileri kat\u0131ld\u0131. Toplant\u0131da, 2025 Y\u0131l\u0131 Faaliyet Plan\u0131 kapsam\u0131nda y\u0131l\u0131n ilk 6 ay\u0131nda y\u00fcr\u00fct\u00fclen \u00e7al\u0131\u015fmalar sunuldu. Kad\u0131na y\u00f6nelik \u015fiddetle m\u00fccadele ve \u00e7ocuklara y\u00f6nelik hizmetler hakk\u0131nda kapsaml\u0131 de\u011ferlendirmeler yap\u0131ld\u0131.<br \/>\n<br \/>Aile ve Sosyal Hizmetler \u0130l M\u00fcd\u00fcrl\u00fc\u011f\u00fc, sorumlu kurumlar\u0131n y\u00fcr\u00fctt\u00fc\u011f\u00fc faaliyetler hakk\u0131nda bilgi verdi.<br \/>\n<br \/>Toplant\u0131n\u0131n a\u00e7\u0131l\u0131\u015f\u0131nda konu\u015fan Vali Yard\u0131mc\u0131s\u0131 Harun Kazez, &#8220;Kad\u0131na y\u00f6nelik \u015fiddetle m\u00fccadele ve \u00e7ocuklar\u0131n korunmas\u0131 konusunda t\u00fcm kurumlar\u0131m\u0131za \u00f6nemli sorumluluklar d\u00fc\u015fmektedir. Bu alandaki her bir ad\u0131m, toplumumuzun huzuru ve gelece\u011fi a\u00e7\u0131s\u0131ndan b\u00fcy\u00fck \u00f6nem ta\u015f\u0131maktad\u0131r. \u0130lgili t\u00fcm payda\u015flarla i\u015f birli\u011fi i\u00e7inde hareket ederek, sahada etkin ve sonu\u00e7 odakl\u0131 \u00e7al\u0131\u015fmalar y\u00fcr\u00fctmeye devam edece\u011fiz&#8221; dedi.<br \/>\n<br \/>Toplant\u0131lar, kat\u0131l\u0131mc\u0131lar\u0131n g\u00f6r\u00fc\u015f ve \u00f6nerilerinin payla\u015f\u0131lmas\u0131yla sona erdi.<br \/><\/p>\n","protected":false},"excerpt":{"rendered":"<p>K\u00fctahya\u2019da, 2025 y\u0131l\u0131 3. D\u00f6nem Kad\u0131na Y\u00f6nelik \u015eiddetle M\u00fccadele \u0130l Koordinasyon, \u0130zleme ve De\u011ferlendirme Kurulu ile \u00c7ocuk Koruma \u0130l Koordinasyon Kurulu toplant\u0131lar\u0131 ger\u00e7ekle\u015ftirildi. Vali Yard\u0131mc\u0131s\u0131 Harun Kazez ba\u015fkanl\u0131\u011f\u0131nda yap\u0131lan toplant\u0131lara, ilgili kurum ve kurulu\u015f temsilcileri kat\u0131ld\u0131. Toplant\u0131da, 2025 Y\u0131l\u0131 Faaliyet Plan\u0131 kapsam\u0131nda y\u0131l\u0131n ilk 6 ay\u0131nda y\u00fcr\u00fct\u00fclen \u00e7al\u0131\u015fmalar sunuldu. Kad\u0131na y\u00f6nelik \u015fiddetle m\u00fccadele ve \u00e7ocuklara&#8230;<\/p>\n","protected":false},"author":1,"featured_media":45539,"comment_status":"open","ping_status":"open","sticky":false,"template":"","format":"standard","meta":{"_crdt_document":"","footnotes":""},"categories":[123],"tags":[],"class_list":["post-45538","post","type-post","status-publish","format-standard","has-post-thumbnail","hentry","category-gundem"],"_links":{"self":[{"href":"https:\/\/www.egemtv.com\/index.php?rest_route=\/wp\/v2\/posts\/45538","targetHints":{"allow":["GET"]}}],"collection":[{"href":"https:\/\/www.egemtv.com\/index.php?rest_route=\/wp\/v2\/posts"}],"about":[{"href":"https:\/\/www.egemtv.com\/index.php?rest_route=\/wp\/v2\/types\/post"}],"author":[{"embeddable":true,"href":"https:\/\/www.egemtv.com\/index.php?rest_route=\/wp\/v2\/users\/1"}],"replies":[{"embeddable":true,"href":"https:\/\/www.egemtv.com\/index.php?rest_route=%2Fwp%2Fv2%2Fcomments&post=45538"}],"version-history":[{"count":1,"href":"https:\/\/www.egemtv.com\/index.php?rest_route=\/wp\/v2\/posts\/45538\/revisions"}],"predecessor-version":[{"id":45540,"href":"https:\/\/www.egemtv.com\/index.php?rest_route=\/wp\/v2\/posts\/45538\/revisions\/45540"}],"wp:featuredmedia":[{"embeddable":true,"href":"https:\/\/www.egemtv.com\/index.php?rest_route=\/wp\/v2\/media\/45539"}],"wp:attachment":[{"href":"https:\/\/www.egemtv.com\/index.php?rest_route=%2Fwp%2Fv2%2Fmedia&parent=45538"}],"wp:term":[{"taxonomy":"category","embeddable":true,"href":"https:\/\/www.egemtv.com\/index.php?rest_route=%2Fwp%2Fv2%2Fcategories&post=45538"},{"taxonomy":"post_tag","embeddable":true,"href":"https:\/\/www.egemtv.com\/index.php?rest_route=%2Fwp%2Fv2%2Ftags&post=45538"}],"curies":[{"name":"wp","href":"https:\/\/api.w.org\/{rel}","templated":true}]}}