{"id":45535,"date":"2025-07-30T09:34:49","date_gmt":"2025-07-30T06:34:49","guid":{"rendered":"https:\/\/www.egemtv.com\/?p=45535"},"modified":"2025-07-30T09:34:50","modified_gmt":"2025-07-30T06:34:50","slug":"kutahyaspor-burak-evreni-kadrosuna-katti","status":"publish","type":"post","link":"https:\/\/www.egemtv.com\/?p=45535","title":{"rendered":"K\u00fctahyaspor, Burak Evren\u2019i kadrosuna katt\u0131"},"content":{"rendered":"<p>K\u00fctahyaspor, ge\u00e7ti\u011fimiz sezon Silifke Belediyespor formas\u0131yla ba\u015far\u0131l\u0131 bir performans sergileyen kanat oyuncusu Burak Evren\u2019i kadrosuna dahil etti.<br \/>\n<br \/>Kul\u00fcpten yap\u0131lan a\u00e7\u0131klamaya g\u00f6re, transfer komitesinin y\u00fcr\u00fctt\u00fc\u011f\u00fc g\u00f6r\u00fc\u015fmeler sonucunda, ge\u00e7en sezon tamam\u0131 ilk 11\u2019de olmak \u00fczere 28 ma\u00e7ta g\u00f6rev yapan ve 8 gol, 10 asistlik performans\u0131yla dikkat \u00e7eken Burak Evren ile s\u00f6zle\u015fme imzaland\u0131.<br \/>\n<br \/>2000 y\u0131l\u0131nda Gaziantep\u2019in \u015eahinbey il\u00e7esinde do\u011fan Burak Evren, profesyonel futbol kariyerine Ankarag\u00fcc\u00fc\u2019nde ba\u015flad\u0131. Bugsa\u015f ve Osmaniyespor\u2019da kiral\u0131k olarak forma giyen gen\u00e7 oyuncu, daha sonra Yeni Mersin \u0130dmanyurdu, Derincespor, Tokat Belediye Plevnespor ve Silifke Belediyespor\u2019da g\u00f6rev yapt\u0131.<br \/>\n<br \/>2022-2023 sezonunda Tokat Belediye Plevnespor ile B\u00f6lgesel Amat\u00f6r Lig \u015fampiyonlu\u011fu ya\u015fayan Burak Evren, son iki sezonda 3. Lig\u2019de \u00f6nce Tokat ekibi, ard\u0131ndan Silifke Belediyespor ile play-off m\u00fccadelesine \u00e7\u0131kt\u0131.<br \/>\n<br \/>K\u00fctahyaspor Kul\u00fcb\u00fc, yeni transferin hem tak\u0131ma hem de oyuncuya hay\u0131rl\u0131 olmas\u0131n\u0131 diledi.<br \/><\/p>\n","protected":false},"excerpt":{"rendered":"<p>K\u00fctahyaspor, ge\u00e7ti\u011fimiz sezon Silifke Belediyespor formas\u0131yla ba\u015far\u0131l\u0131 bir performans sergileyen kanat oyuncusu Burak Evren\u2019i kadrosuna dahil etti. Kul\u00fcpten yap\u0131lan a\u00e7\u0131klamaya g\u00f6re, transfer komitesinin y\u00fcr\u00fctt\u00fc\u011f\u00fc g\u00f6r\u00fc\u015fmeler sonucunda, ge\u00e7en sezon tamam\u0131 ilk 11\u2019de olmak \u00fczere 28 ma\u00e7ta g\u00f6rev yapan ve 8 gol, 10 asistlik performans\u0131yla dikkat \u00e7eken Burak Evren ile s\u00f6zle\u015fme imzaland\u0131. 2000 y\u0131l\u0131nda Gaziantep\u2019in \u015eahinbey il\u00e7esinde&#8230;<\/p>\n","protected":false},"author":1,"featured_media":45536,"comment_status":"open","ping_status":"open","sticky":false,"template":"","format":"standard","meta":{"_crdt_document":"","footnotes":""},"categories":[4],"tags":[],"class_list":["post-45535","post","type-post","status-publish","format-standard","has-post-thumbnail","hentry","category-spor"],"_links":{"self":[{"href":"https:\/\/www.egemtv.com\/index.php?rest_route=\/wp\/v2\/posts\/45535","targetHints":{"allow":["GET"]}}],"collection":[{"href":"https:\/\/www.egemtv.com\/index.php?rest_route=\/wp\/v2\/posts"}],"about":[{"href":"https:\/\/www.egemtv.com\/index.php?rest_route=\/wp\/v2\/types\/post"}],"author":[{"embeddable":true,"href":"https:\/\/www.egemtv.com\/index.php?rest_route=\/wp\/v2\/users\/1"}],"replies":[{"embeddable":true,"href":"https:\/\/www.egemtv.com\/index.php?rest_route=%2Fwp%2Fv2%2Fcomments&post=45535"}],"version-history":[{"count":1,"href":"https:\/\/www.egemtv.com\/index.php?rest_route=\/wp\/v2\/posts\/45535\/revisions"}],"predecessor-version":[{"id":45537,"href":"https:\/\/www.egemtv.com\/index.php?rest_route=\/wp\/v2\/posts\/45535\/revisions\/45537"}],"wp:featuredmedia":[{"embeddable":true,"href":"https:\/\/www.egemtv.com\/index.php?rest_route=\/wp\/v2\/media\/45536"}],"wp:attachment":[{"href":"https:\/\/www.egemtv.com\/index.php?rest_route=%2Fwp%2Fv2%2Fmedia&parent=45535"}],"wp:term":[{"taxonomy":"category","embeddable":true,"href":"https:\/\/www.egemtv.com\/index.php?rest_route=%2Fwp%2Fv2%2Fcategories&post=45535"},{"taxonomy":"post_tag","embeddable":true,"href":"https:\/\/www.egemtv.com\/index.php?rest_route=%2Fwp%2Fv2%2Ftags&post=45535"}],"curies":[{"name":"wp","href":"https:\/\/api.w.org\/{rel}","templated":true}]}}