{"id":45532,"date":"2025-07-30T09:34:48","date_gmt":"2025-07-30T06:34:48","guid":{"rendered":"https:\/\/www.egemtv.com\/?p=45532"},"modified":"2025-07-30T09:34:49","modified_gmt":"2025-07-30T06:34:49","slug":"kutahya-il-ozel-idaresinden-yol-calismasi","status":"publish","type":"post","link":"https:\/\/www.egemtv.com\/?p=45532","title":{"rendered":"K\u00fctahya \u0130l \u00d6zel \u0130daresi\u2019nden yol \u00e7al\u0131\u015fmas\u0131"},"content":{"rendered":"<p>K\u00fctahya \u0130l \u00d6zel \u0130daresi, ula\u015f\u0131mda kaliteyi art\u0131rmak ve vatanda\u015flara daha konforlu bir ula\u015f\u0131m imk\u00e2n\u0131 sunmak amac\u0131yla \u00e7al\u0131\u015fmalar\u0131n\u0131 s\u00fcrd\u00fcr\u00fcyor.<br \/>\n<br \/>Yakla\u015f\u0131k bir ay \u00f6nce yap\u0131m\u0131na ba\u015flanan \u00c7avdarhisar-Av\u015far-G\u00f6ka\u011fa\u00e7 yollar\u0131n\u0131 birbirine ba\u011flayan ba\u011flant\u0131 yolunda 3 bin 600 metrelik sathi kaplama \u00e7al\u0131\u015fmas\u0131nda sona gelindi. Yolun, Temmuz ay\u0131 sonu itibar\u0131yla tamamlanarak hizmete a\u00e7\u0131lmas\u0131 planlan\u0131yor.<br \/>\n<br \/>\u00c7al\u0131\u015fmalar\u0131n devam etti\u011fi b\u00f6lgede \u0130l Genel Meclisi Ba\u015fkan\u0131 Muammer \u00d6zcura ile meclis \u00fcyeleri Halil G\u00fcnay ve Davut Karakurt incelemelerde bulundu.<br \/>\n<br \/>\u0130nceleme s\u0131ras\u0131nda a\u00e7\u0131klamalarda bulunan Meclis Ba\u015fkan\u0131 Muammer \u00d6zcura, &#8220;Temmuz ay\u0131 ba\u015f\u0131nda ba\u015flad\u0131\u011f\u0131m\u0131z \u00c7avdarhisar-Av\u015far-G\u00f6ka\u011fa\u00e7 yollar\u0131n\u0131 ba\u011flayan ba\u011flant\u0131 yolunda 3 bin 600 metrelik sathi kaplama \u00e7al\u0131\u015fmas\u0131nda sona gelmi\u015f durumday\u0131z. Bu \u00e7al\u0131\u015fma, m\u00fcteahhit firma ile \u00d6zel \u0130daremiz aras\u0131nda yap\u0131lan protokol \u00e7er\u00e7evesinde y\u00fcr\u00fct\u00fcl\u00fcp vatanda\u015flar\u0131m\u0131z\u0131n hizmetine sunulacak. Bu yoldan faydalanacak t\u00fcm hem\u015ferilerimize \u015fimdiden hay\u0131rl\u0131 olsun&#8221; dedi.<br \/><\/p>\n","protected":false},"excerpt":{"rendered":"<p>K\u00fctahya \u0130l \u00d6zel \u0130daresi, ula\u015f\u0131mda kaliteyi art\u0131rmak ve vatanda\u015flara daha konforlu bir ula\u015f\u0131m imk\u00e2n\u0131 sunmak amac\u0131yla \u00e7al\u0131\u015fmalar\u0131n\u0131 s\u00fcrd\u00fcr\u00fcyor. Yakla\u015f\u0131k bir ay \u00f6nce yap\u0131m\u0131na ba\u015flanan \u00c7avdarhisar-Av\u015far-G\u00f6ka\u011fa\u00e7 yollar\u0131n\u0131 birbirine ba\u011flayan ba\u011flant\u0131 yolunda 3 bin 600 metrelik sathi kaplama \u00e7al\u0131\u015fmas\u0131nda sona gelindi. Yolun, Temmuz ay\u0131 sonu itibar\u0131yla tamamlanarak hizmete a\u00e7\u0131lmas\u0131 planlan\u0131yor. \u00c7al\u0131\u015fmalar\u0131n devam etti\u011fi b\u00f6lgede \u0130l Genel Meclisi&#8230;<\/p>\n","protected":false},"author":1,"featured_media":45533,"comment_status":"open","ping_status":"open","sticky":false,"template":"","format":"standard","meta":{"_crdt_document":"","footnotes":""},"categories":[1],"tags":[],"class_list":["post-45532","post","type-post","status-publish","format-standard","has-post-thumbnail","hentry","category-guncel"],"_links":{"self":[{"href":"https:\/\/www.egemtv.com\/index.php?rest_route=\/wp\/v2\/posts\/45532","targetHints":{"allow":["GET"]}}],"collection":[{"href":"https:\/\/www.egemtv.com\/index.php?rest_route=\/wp\/v2\/posts"}],"about":[{"href":"https:\/\/www.egemtv.com\/index.php?rest_route=\/wp\/v2\/types\/post"}],"author":[{"embeddable":true,"href":"https:\/\/www.egemtv.com\/index.php?rest_route=\/wp\/v2\/users\/1"}],"replies":[{"embeddable":true,"href":"https:\/\/www.egemtv.com\/index.php?rest_route=%2Fwp%2Fv2%2Fcomments&post=45532"}],"version-history":[{"count":1,"href":"https:\/\/www.egemtv.com\/index.php?rest_route=\/wp\/v2\/posts\/45532\/revisions"}],"predecessor-version":[{"id":45534,"href":"https:\/\/www.egemtv.com\/index.php?rest_route=\/wp\/v2\/posts\/45532\/revisions\/45534"}],"wp:featuredmedia":[{"embeddable":true,"href":"https:\/\/www.egemtv.com\/index.php?rest_route=\/wp\/v2\/media\/45533"}],"wp:attachment":[{"href":"https:\/\/www.egemtv.com\/index.php?rest_route=%2Fwp%2Fv2%2Fmedia&parent=45532"}],"wp:term":[{"taxonomy":"category","embeddable":true,"href":"https:\/\/www.egemtv.com\/index.php?rest_route=%2Fwp%2Fv2%2Fcategories&post=45532"},{"taxonomy":"post_tag","embeddable":true,"href":"https:\/\/www.egemtv.com\/index.php?rest_route=%2Fwp%2Fv2%2Ftags&post=45532"}],"curies":[{"name":"wp","href":"https:\/\/api.w.org\/{rel}","templated":true}]}}