{"id":45529,"date":"2025-07-30T09:34:48","date_gmt":"2025-07-30T06:34:48","guid":{"rendered":"https:\/\/www.egemtv.com\/?p=45529"},"modified":"2025-07-30T09:34:48","modified_gmt":"2025-07-30T06:34:48","slug":"mugla-il-muftulugune-can-atandi","status":"publish","type":"post","link":"https:\/\/www.egemtv.com\/?p=45529","title":{"rendered":"Mu\u011fla \u0130l M\u00fcft\u00fcl\u00fc\u011f\u00fc\u2019ne Can atand\u0131"},"content":{"rendered":"<p>Cumhurba\u015fkan\u0131 Recep Tayyip Erdo\u011fan\u2019\u0131n imzas\u0131yla Resm\u00ee Gazete\u2019de yay\u0131mlanan 2025\/276 say\u0131l\u0131 Atama Karar\u0131 ile Mu\u011fla \u0130l M\u00fcft\u00fcs\u00fc Ya\u015far \u00c7ap\u00e7\u0131, Erzurum \u0130l M\u00fcft\u00fcl\u00fc\u011f\u00fc g\u00f6revine atand\u0131. \u00c7ap\u00e7\u0131\u2019dan bo\u015falan Mu\u011fla \u0130l M\u00fcft\u00fcl\u00fc\u011f\u00fc g\u00f6revine ise R\u00fcstem Can getirildi.<\/p>\n<p>Cumhurba\u015fkanl\u0131\u011f\u0131 Kararnamesi do\u011frultusunda yap\u0131lan atama, 30 Temmuz 2025 tarihli Resm\u00ee Gazete\u2019de yay\u0131mlanarak y\u00fcr\u00fcrl\u00fc\u011fe girdi. Yeni \u0130l M\u00fcft\u00fcs\u00fc olarak atanan R\u00fcstem Can, Diyanet \u0130\u015fleri Ba\u015fkanl\u0131\u011f\u0131 b\u00fcnyesinde uzun y\u0131llard\u0131r \u00e7e\u015fitli kademelerde g\u00f6rev yapt\u0131. Can\u2019\u0131n, \u00f6n\u00fcm\u00fczdeki g\u00fcnlerde Mu\u011fla\u2019daki g\u00f6revine ba\u015flamas\u0131 bekleniyor. Mu\u011fla\u2019da g\u00f6rev yapt\u0131\u011f\u0131 s\u00fcre boyunca bir\u00e7ok \u00f6nemli projeye imza atan eski \u0130l M\u00fcft\u00fcs\u00fc Ya\u015far \u00c7ap\u00e7\u0131 ise, Erzurum\u2019da g\u00f6revine devam edecek.<br \/><\/p>\n","protected":false},"excerpt":{"rendered":"<p>Cumhurba\u015fkan\u0131 Recep Tayyip Erdo\u011fan\u2019\u0131n imzas\u0131yla Resm\u00ee Gazete\u2019de yay\u0131mlanan 2025\/276 say\u0131l\u0131 Atama Karar\u0131 ile Mu\u011fla \u0130l M\u00fcft\u00fcs\u00fc Ya\u015far \u00c7ap\u00e7\u0131, Erzurum \u0130l M\u00fcft\u00fcl\u00fc\u011f\u00fc g\u00f6revine atand\u0131. \u00c7ap\u00e7\u0131\u2019dan bo\u015falan Mu\u011fla \u0130l M\u00fcft\u00fcl\u00fc\u011f\u00fc g\u00f6revine ise R\u00fcstem Can getirildi. Cumhurba\u015fkanl\u0131\u011f\u0131 Kararnamesi do\u011frultusunda yap\u0131lan atama, 30 Temmuz 2025 tarihli Resm\u00ee Gazete\u2019de yay\u0131mlanarak y\u00fcr\u00fcrl\u00fc\u011fe girdi. Yeni \u0130l M\u00fcft\u00fcs\u00fc olarak atanan R\u00fcstem Can, Diyanet&#8230;<\/p>\n","protected":false},"author":1,"featured_media":45530,"comment_status":"open","ping_status":"open","sticky":false,"template":"","format":"standard","meta":{"_crdt_document":"","footnotes":""},"categories":[1],"tags":[],"class_list":["post-45529","post","type-post","status-publish","format-standard","has-post-thumbnail","hentry","category-guncel"],"_links":{"self":[{"href":"https:\/\/www.egemtv.com\/index.php?rest_route=\/wp\/v2\/posts\/45529","targetHints":{"allow":["GET"]}}],"collection":[{"href":"https:\/\/www.egemtv.com\/index.php?rest_route=\/wp\/v2\/posts"}],"about":[{"href":"https:\/\/www.egemtv.com\/index.php?rest_route=\/wp\/v2\/types\/post"}],"author":[{"embeddable":true,"href":"https:\/\/www.egemtv.com\/index.php?rest_route=\/wp\/v2\/users\/1"}],"replies":[{"embeddable":true,"href":"https:\/\/www.egemtv.com\/index.php?rest_route=%2Fwp%2Fv2%2Fcomments&post=45529"}],"version-history":[{"count":1,"href":"https:\/\/www.egemtv.com\/index.php?rest_route=\/wp\/v2\/posts\/45529\/revisions"}],"predecessor-version":[{"id":45531,"href":"https:\/\/www.egemtv.com\/index.php?rest_route=\/wp\/v2\/posts\/45529\/revisions\/45531"}],"wp:featuredmedia":[{"embeddable":true,"href":"https:\/\/www.egemtv.com\/index.php?rest_route=\/wp\/v2\/media\/45530"}],"wp:attachment":[{"href":"https:\/\/www.egemtv.com\/index.php?rest_route=%2Fwp%2Fv2%2Fmedia&parent=45529"}],"wp:term":[{"taxonomy":"category","embeddable":true,"href":"https:\/\/www.egemtv.com\/index.php?rest_route=%2Fwp%2Fv2%2Fcategories&post=45529"},{"taxonomy":"post_tag","embeddable":true,"href":"https:\/\/www.egemtv.com\/index.php?rest_route=%2Fwp%2Fv2%2Ftags&post=45529"}],"curies":[{"name":"wp","href":"https:\/\/api.w.org\/{rel}","templated":true}]}}