{"id":45526,"date":"2025-07-30T09:34:47","date_gmt":"2025-07-30T06:34:47","guid":{"rendered":"https:\/\/www.egemtv.com\/?p=45526"},"modified":"2025-07-30T09:34:48","modified_gmt":"2025-07-30T06:34:48","slug":"kutahyada-toprak-sagligi-icin-onemli-calisma","status":"publish","type":"post","link":"https:\/\/www.egemtv.com\/?p=45526","title":{"rendered":"K\u00fctahya\u2019da toprak sa\u011fl\u0131\u011f\u0131 i\u00e7in \u00f6nemli \u00e7al\u0131\u015fma"},"content":{"rendered":"<p>K\u00fctahya Tar\u0131m ve Orman \u0130l M\u00fcd\u00fcrl\u00fc\u011f\u00fc, T\u00fcrkiye \u0130klim Ak\u0131ll\u0131 ve Rekabet\u00e7i Tar\u0131msal B\u00fcy\u00fcme Projesi (TUCSAP) kapsam\u0131nda y\u00fcr\u00fct\u00fclen \u00e7al\u0131\u015fmalar hakk\u0131nda a\u00e7\u0131klama yapt\u0131.<br \/>\n<br \/>A\u00e7\u0131klamada, toprak sa\u011fl\u0131\u011f\u0131n\u0131n iyile\u015ftirilmesi ve arazi kullan\u0131m planlamas\u0131n\u0131n geli\u015ftirilmesi amac\u0131yla &#8220;Toprak Analizleri ve Detayl\u0131 Dijital Toprak Haritalar\u0131n\u0131n Haz\u0131rlanmas\u0131&#8221; \u00e7al\u0131\u015fmalar\u0131n\u0131n s\u00fcrd\u00fc\u011f\u00fc belirtildi. Bu kapsamda, Tav\u015fanl\u0131 \u0130l\u00e7e Tar\u0131m ve Orman M\u00fcd\u00fcrl\u00fc\u011f\u00fc teknik personelinin de arazi uygulamalar\u0131na kat\u0131ld\u0131\u011f\u0131 aktar\u0131ld\u0131.<br \/>\n<br \/>\u00c7al\u0131\u015fmalara katk\u0131 sunan Ayd\u0131n Adnan Menderes \u00dcniversitesi Dr. \u00d6\u011fr. \u00dcyesi Levent Atattan\u0131r, teknik bilgiler payla\u015farak de\u011ferlendirmelerde bulundu.<br \/>\n<br \/>Yetkililer, toprak yap\u0131s\u0131n\u0131n daha iyi anla\u015f\u0131lmas\u0131yla birlikte s\u00fcrd\u00fcr\u00fclebilir tar\u0131m uygulamalar\u0131na y\u00f6n verilmesinin hedeflendi\u011fini vurgulad\u0131. Projeyle hem iklim de\u011fi\u015fikli\u011fiyle m\u00fccadeleye katk\u0131 sa\u011flanaca\u011f\u0131 hem de \u00e7ift\u00e7ilerin verimlili\u011finin art\u0131r\u0131laca\u011f\u0131 ifade edildi.<br \/><\/p>\n","protected":false},"excerpt":{"rendered":"<p>K\u00fctahya Tar\u0131m ve Orman \u0130l M\u00fcd\u00fcrl\u00fc\u011f\u00fc, T\u00fcrkiye \u0130klim Ak\u0131ll\u0131 ve Rekabet\u00e7i Tar\u0131msal B\u00fcy\u00fcme Projesi (TUCSAP) kapsam\u0131nda y\u00fcr\u00fct\u00fclen \u00e7al\u0131\u015fmalar hakk\u0131nda a\u00e7\u0131klama yapt\u0131. A\u00e7\u0131klamada, toprak sa\u011fl\u0131\u011f\u0131n\u0131n iyile\u015ftirilmesi ve arazi kullan\u0131m planlamas\u0131n\u0131n geli\u015ftirilmesi amac\u0131yla &#8220;Toprak Analizleri ve Detayl\u0131 Dijital Toprak Haritalar\u0131n\u0131n Haz\u0131rlanmas\u0131&#8221; \u00e7al\u0131\u015fmalar\u0131n\u0131n s\u00fcrd\u00fc\u011f\u00fc belirtildi. Bu kapsamda, Tav\u015fanl\u0131 \u0130l\u00e7e Tar\u0131m ve Orman M\u00fcd\u00fcrl\u00fc\u011f\u00fc teknik personelinin de arazi uygulamalar\u0131na&#8230;<\/p>\n","protected":false},"author":1,"featured_media":45527,"comment_status":"open","ping_status":"open","sticky":false,"template":"","format":"standard","meta":{"_crdt_document":"","footnotes":""},"categories":[1],"tags":[],"class_list":["post-45526","post","type-post","status-publish","format-standard","has-post-thumbnail","hentry","category-guncel"],"_links":{"self":[{"href":"https:\/\/www.egemtv.com\/index.php?rest_route=\/wp\/v2\/posts\/45526","targetHints":{"allow":["GET"]}}],"collection":[{"href":"https:\/\/www.egemtv.com\/index.php?rest_route=\/wp\/v2\/posts"}],"about":[{"href":"https:\/\/www.egemtv.com\/index.php?rest_route=\/wp\/v2\/types\/post"}],"author":[{"embeddable":true,"href":"https:\/\/www.egemtv.com\/index.php?rest_route=\/wp\/v2\/users\/1"}],"replies":[{"embeddable":true,"href":"https:\/\/www.egemtv.com\/index.php?rest_route=%2Fwp%2Fv2%2Fcomments&post=45526"}],"version-history":[{"count":1,"href":"https:\/\/www.egemtv.com\/index.php?rest_route=\/wp\/v2\/posts\/45526\/revisions"}],"predecessor-version":[{"id":45528,"href":"https:\/\/www.egemtv.com\/index.php?rest_route=\/wp\/v2\/posts\/45526\/revisions\/45528"}],"wp:featuredmedia":[{"embeddable":true,"href":"https:\/\/www.egemtv.com\/index.php?rest_route=\/wp\/v2\/media\/45527"}],"wp:attachment":[{"href":"https:\/\/www.egemtv.com\/index.php?rest_route=%2Fwp%2Fv2%2Fmedia&parent=45526"}],"wp:term":[{"taxonomy":"category","embeddable":true,"href":"https:\/\/www.egemtv.com\/index.php?rest_route=%2Fwp%2Fv2%2Fcategories&post=45526"},{"taxonomy":"post_tag","embeddable":true,"href":"https:\/\/www.egemtv.com\/index.php?rest_route=%2Fwp%2Fv2%2Ftags&post=45526"}],"curies":[{"name":"wp","href":"https:\/\/api.w.org\/{rel}","templated":true}]}}