{"id":45523,"date":"2025-07-30T09:34:46","date_gmt":"2025-07-30T06:34:46","guid":{"rendered":"https:\/\/www.egemtv.com\/?p=45523"},"modified":"2025-07-30T09:34:47","modified_gmt":"2025-07-30T06:34:47","slug":"kutahyada-vefa-sahasi-yenileniyor","status":"publish","type":"post","link":"https:\/\/www.egemtv.com\/?p=45523","title":{"rendered":"K\u00fctahya\u2019da Vefa Sahas\u0131 yenileniyor"},"content":{"rendered":"<p>K\u00fctahya Gen\u00e7lik ve Spor \u0130l M\u00fcd\u00fcr\u00fc B\u00fclent K\u00fc\u00e7\u00fck, uzun y\u0131llard\u0131r at\u0131l durumda olan Vefa Sahas\u0131\u2019n\u0131n kapsaml\u0131 bir yenileme s\u00fcrecinden ge\u00e7ti\u011fini duyurdu.<br \/>\n<br \/>K\u00fc\u00e7\u00fck, yapt\u0131\u011f\u0131 a\u00e7\u0131klamada, &#8220;Bu yaln\u0131zca bir saha yenilemesi de\u011fil; bir hayalin, bir vefan\u0131n ve gelece\u011fe at\u0131lan sa\u011flam bir ad\u0131m\u0131n hik\u00e2yesidir. Gen\u00e7lerimiz i\u00e7in sporun kalbine at\u0131lan bu yeni ba\u015flang\u0131\u00e7, t\u00fcm K\u00fctahya\u2019m\u0131za, mahallemize ve spora g\u00f6n\u00fcl veren herkese verilen \u00f6nemli bir s\u00f6zd\u00fcr&#8221; ifadelerini kulland\u0131.<br \/>\n<br \/>\u00c7al\u0131\u015fmalar\u0131n tamamlanmas\u0131n\u0131n ard\u0131ndan Vefa Sahas\u0131\u2019n\u0131n sadece sportif faaliyetlere de\u011fil, ayn\u0131 zamanda gen\u00e7li\u011fe ve gelece\u011fin sporcular\u0131na b\u0131rak\u0131lacak en de\u011ferli miraslardan biri olaca\u011f\u0131n\u0131 belirten K\u00fc\u00e7\u00fck, &#8220;Saham\u0131z\u0131n yeniden sporla, co\u015fkuyla ve ba\u015far\u0131larla dolmas\u0131 en b\u00fcy\u00fck temennimizdir&#8221; dedi.<br \/><\/p>\n","protected":false},"excerpt":{"rendered":"<p>K\u00fctahya Gen\u00e7lik ve Spor \u0130l M\u00fcd\u00fcr\u00fc B\u00fclent K\u00fc\u00e7\u00fck, uzun y\u0131llard\u0131r at\u0131l durumda olan Vefa Sahas\u0131\u2019n\u0131n kapsaml\u0131 bir yenileme s\u00fcrecinden ge\u00e7ti\u011fini duyurdu. K\u00fc\u00e7\u00fck, yapt\u0131\u011f\u0131 a\u00e7\u0131klamada, &#8220;Bu yaln\u0131zca bir saha yenilemesi de\u011fil; bir hayalin, bir vefan\u0131n ve gelece\u011fe at\u0131lan sa\u011flam bir ad\u0131m\u0131n hik\u00e2yesidir. Gen\u00e7lerimiz i\u00e7in sporun kalbine at\u0131lan bu yeni ba\u015flang\u0131\u00e7, t\u00fcm K\u00fctahya\u2019m\u0131za, mahallemize ve spora g\u00f6n\u00fcl&#8230;<\/p>\n","protected":false},"author":1,"featured_media":45524,"comment_status":"open","ping_status":"open","sticky":false,"template":"","format":"standard","meta":{"_crdt_document":"","footnotes":""},"categories":[4],"tags":[],"class_list":["post-45523","post","type-post","status-publish","format-standard","has-post-thumbnail","hentry","category-spor"],"_links":{"self":[{"href":"https:\/\/www.egemtv.com\/index.php?rest_route=\/wp\/v2\/posts\/45523","targetHints":{"allow":["GET"]}}],"collection":[{"href":"https:\/\/www.egemtv.com\/index.php?rest_route=\/wp\/v2\/posts"}],"about":[{"href":"https:\/\/www.egemtv.com\/index.php?rest_route=\/wp\/v2\/types\/post"}],"author":[{"embeddable":true,"href":"https:\/\/www.egemtv.com\/index.php?rest_route=\/wp\/v2\/users\/1"}],"replies":[{"embeddable":true,"href":"https:\/\/www.egemtv.com\/index.php?rest_route=%2Fwp%2Fv2%2Fcomments&post=45523"}],"version-history":[{"count":1,"href":"https:\/\/www.egemtv.com\/index.php?rest_route=\/wp\/v2\/posts\/45523\/revisions"}],"predecessor-version":[{"id":45525,"href":"https:\/\/www.egemtv.com\/index.php?rest_route=\/wp\/v2\/posts\/45523\/revisions\/45525"}],"wp:featuredmedia":[{"embeddable":true,"href":"https:\/\/www.egemtv.com\/index.php?rest_route=\/wp\/v2\/media\/45524"}],"wp:attachment":[{"href":"https:\/\/www.egemtv.com\/index.php?rest_route=%2Fwp%2Fv2%2Fmedia&parent=45523"}],"wp:term":[{"taxonomy":"category","embeddable":true,"href":"https:\/\/www.egemtv.com\/index.php?rest_route=%2Fwp%2Fv2%2Fcategories&post=45523"},{"taxonomy":"post_tag","embeddable":true,"href":"https:\/\/www.egemtv.com\/index.php?rest_route=%2Fwp%2Fv2%2Ftags&post=45523"}],"curies":[{"name":"wp","href":"https:\/\/api.w.org\/{rel}","templated":true}]}}