{"id":45520,"date":"2025-07-30T09:14:58","date_gmt":"2025-07-30T06:14:58","guid":{"rendered":"https:\/\/www.egemtv.com\/?p=45520"},"modified":"2025-07-30T09:14:59","modified_gmt":"2025-07-30T06:14:59","slug":"kutahyada-yarali-karaca-tedavi-altina-alindi","status":"publish","type":"post","link":"https:\/\/www.egemtv.com\/?p=45520","title":{"rendered":"K\u00fctahya\u2019da yaral\u0131 karaca tedavi alt\u0131na al\u0131nd\u0131"},"content":{"rendered":"<p>K\u00fctahya\u2019n\u0131n Pazarlar il\u00e7esinde bir arac\u0131n \u00e7arpmas\u0131 sonucu yaralanan karaca, vatanda\u015flar\u0131n duyarl\u0131l\u0131\u011f\u0131 sayesinde tedavi alt\u0131na al\u0131nd\u0131.<br \/>\n<br \/>Edinilen bilgilere g\u00f6re, yol kenar\u0131nda yaral\u0131 karacay\u0131 fark eden vatanda\u015flar, durumu Do\u011fa Koruma ve Milli Parklar ekiplerine bildirdi. \u0130lk m\u00fcdahaleyi yapan vatanda\u015flar, karacaya su i\u00e7irerek hayatta kalmas\u0131na yard\u0131mc\u0131 oldu.<br \/>\n<br \/>Ekiplerce teslim al\u0131nan karaca, tedavi alt\u0131na al\u0131n\u0131rken sa\u011fl\u0131k durumunun iyiye gitti\u011fi \u00f6\u011frenildi.<br \/><\/p>\n","protected":false},"excerpt":{"rendered":"<p>K\u00fctahya\u2019n\u0131n Pazarlar il\u00e7esinde bir arac\u0131n \u00e7arpmas\u0131 sonucu yaralanan karaca, vatanda\u015flar\u0131n duyarl\u0131l\u0131\u011f\u0131 sayesinde tedavi alt\u0131na al\u0131nd\u0131. Edinilen bilgilere g\u00f6re, yol kenar\u0131nda yaral\u0131 karacay\u0131 fark eden vatanda\u015flar, durumu Do\u011fa Koruma ve Milli Parklar ekiplerine bildirdi. \u0130lk m\u00fcdahaleyi yapan vatanda\u015flar, karacaya su i\u00e7irerek hayatta kalmas\u0131na yard\u0131mc\u0131 oldu. Ekiplerce teslim al\u0131nan karaca, tedavi alt\u0131na al\u0131n\u0131rken sa\u011fl\u0131k durumunun iyiye gitti\u011fi&#8230;<\/p>\n","protected":false},"author":1,"featured_media":45521,"comment_status":"open","ping_status":"open","sticky":false,"template":"","format":"standard","meta":{"_crdt_document":"","footnotes":""},"categories":[5],"tags":[],"class_list":["post-45520","post","type-post","status-publish","format-standard","has-post-thumbnail","hentry","category-asayis"],"_links":{"self":[{"href":"https:\/\/www.egemtv.com\/index.php?rest_route=\/wp\/v2\/posts\/45520","targetHints":{"allow":["GET"]}}],"collection":[{"href":"https:\/\/www.egemtv.com\/index.php?rest_route=\/wp\/v2\/posts"}],"about":[{"href":"https:\/\/www.egemtv.com\/index.php?rest_route=\/wp\/v2\/types\/post"}],"author":[{"embeddable":true,"href":"https:\/\/www.egemtv.com\/index.php?rest_route=\/wp\/v2\/users\/1"}],"replies":[{"embeddable":true,"href":"https:\/\/www.egemtv.com\/index.php?rest_route=%2Fwp%2Fv2%2Fcomments&post=45520"}],"version-history":[{"count":1,"href":"https:\/\/www.egemtv.com\/index.php?rest_route=\/wp\/v2\/posts\/45520\/revisions"}],"predecessor-version":[{"id":45522,"href":"https:\/\/www.egemtv.com\/index.php?rest_route=\/wp\/v2\/posts\/45520\/revisions\/45522"}],"wp:featuredmedia":[{"embeddable":true,"href":"https:\/\/www.egemtv.com\/index.php?rest_route=\/wp\/v2\/media\/45521"}],"wp:attachment":[{"href":"https:\/\/www.egemtv.com\/index.php?rest_route=%2Fwp%2Fv2%2Fmedia&parent=45520"}],"wp:term":[{"taxonomy":"category","embeddable":true,"href":"https:\/\/www.egemtv.com\/index.php?rest_route=%2Fwp%2Fv2%2Fcategories&post=45520"},{"taxonomy":"post_tag","embeddable":true,"href":"https:\/\/www.egemtv.com\/index.php?rest_route=%2Fwp%2Fv2%2Ftags&post=45520"}],"curies":[{"name":"wp","href":"https:\/\/api.w.org\/{rel}","templated":true}]}}