{"id":45517,"date":"2025-07-30T09:14:58","date_gmt":"2025-07-30T06:14:58","guid":{"rendered":"https:\/\/www.egemtv.com\/?p=45517"},"modified":"2025-07-30T09:14:58","modified_gmt":"2025-07-30T06:14:58","slug":"hem-kuran-i-kerim-ogreniyorlar-hem-spor-yapiyorlar","status":"publish","type":"post","link":"https:\/\/www.egemtv.com\/?p=45517","title":{"rendered":"Hem Kur\u2019an-\u0131 Kerim \u00f6\u011freniyorlar, hem spor yap\u0131yorlar"},"content":{"rendered":"<p>Manisa\u2019n\u0131n Sar\u0131g\u00f6l il\u00e7esi ve mahallelerinde yaz d\u00f6nemi a\u00e7\u0131lan Kur\u2019an-\u0131 Kerim kurslar\u0131na kat\u0131lan \u00f6\u011frenciler, hem Kur\u2019an-\u0131 Kerim \u00f6\u011freniyor hem de spor yaparak keyifli zaman ge\u00e7iriyor.<br \/>\n<br \/>Cami g\u00f6revlisi imam hatipler taraf\u0131ndan organize edilen hal\u0131 saha futbol kar\u015f\u0131la\u015fmalar\u0131yla kursiyer \u00f6\u011frenciler hem spor yapma al\u0131\u015fkanl\u0131\u011f\u0131 kazan\u0131yor hem de yeni arkada\u015fl\u0131klar kuruyor.<br \/>\n<br \/>Sar\u0131g\u00f6l \u0130l\u00e7e Gen\u00e7lik ve Spor M\u00fcd\u00fcrl\u00fc\u011f\u00fc\u2019ne ba\u011fl\u0131 hal\u0131 sahada d\u00fczenlenen futbol ma\u00e7lar\u0131nda \u00f6\u011frenciler b\u00fcy\u00fck heyecan ya\u015fad\u0131.<br \/>\n<br \/>Sar\u0131g\u00f6l Bereketli Mahallesi Camii \u0130mam\u0131 Ali Arslan, yapt\u0131\u011f\u0131 a\u00e7\u0131klamada, &#8220;Kursiyer \u00f6\u011frencilerimizle haftada bir hal\u0131 saha futbol ma\u00e7\u0131 yap\u0131yoruz. Amac\u0131m\u0131z, gen\u00e7lerimize sporu sevdirmek ve sosyal ili\u015fkilerini geli\u015ftirmelerine katk\u0131 sa\u011flamakt\u0131r.&#8221; dedi.<br \/><\/p>\n","protected":false},"excerpt":{"rendered":"<p>Manisa\u2019n\u0131n Sar\u0131g\u00f6l il\u00e7esi ve mahallelerinde yaz d\u00f6nemi a\u00e7\u0131lan Kur\u2019an-\u0131 Kerim kurslar\u0131na kat\u0131lan \u00f6\u011frenciler, hem Kur\u2019an-\u0131 Kerim \u00f6\u011freniyor hem de spor yaparak keyifli zaman ge\u00e7iriyor. Cami g\u00f6revlisi imam hatipler taraf\u0131ndan organize edilen hal\u0131 saha futbol kar\u015f\u0131la\u015fmalar\u0131yla kursiyer \u00f6\u011frenciler hem spor yapma al\u0131\u015fkanl\u0131\u011f\u0131 kazan\u0131yor hem de yeni arkada\u015fl\u0131klar kuruyor. Sar\u0131g\u00f6l \u0130l\u00e7e Gen\u00e7lik ve Spor M\u00fcd\u00fcrl\u00fc\u011f\u00fc\u2019ne ba\u011fl\u0131 hal\u0131&#8230;<\/p>\n","protected":false},"author":1,"featured_media":45518,"comment_status":"open","ping_status":"open","sticky":false,"template":"","format":"standard","meta":{"_crdt_document":"","footnotes":""},"categories":[4],"tags":[],"class_list":["post-45517","post","type-post","status-publish","format-standard","has-post-thumbnail","hentry","category-spor"],"_links":{"self":[{"href":"https:\/\/www.egemtv.com\/index.php?rest_route=\/wp\/v2\/posts\/45517","targetHints":{"allow":["GET"]}}],"collection":[{"href":"https:\/\/www.egemtv.com\/index.php?rest_route=\/wp\/v2\/posts"}],"about":[{"href":"https:\/\/www.egemtv.com\/index.php?rest_route=\/wp\/v2\/types\/post"}],"author":[{"embeddable":true,"href":"https:\/\/www.egemtv.com\/index.php?rest_route=\/wp\/v2\/users\/1"}],"replies":[{"embeddable":true,"href":"https:\/\/www.egemtv.com\/index.php?rest_route=%2Fwp%2Fv2%2Fcomments&post=45517"}],"version-history":[{"count":1,"href":"https:\/\/www.egemtv.com\/index.php?rest_route=\/wp\/v2\/posts\/45517\/revisions"}],"predecessor-version":[{"id":45519,"href":"https:\/\/www.egemtv.com\/index.php?rest_route=\/wp\/v2\/posts\/45517\/revisions\/45519"}],"wp:featuredmedia":[{"embeddable":true,"href":"https:\/\/www.egemtv.com\/index.php?rest_route=\/wp\/v2\/media\/45518"}],"wp:attachment":[{"href":"https:\/\/www.egemtv.com\/index.php?rest_route=%2Fwp%2Fv2%2Fmedia&parent=45517"}],"wp:term":[{"taxonomy":"category","embeddable":true,"href":"https:\/\/www.egemtv.com\/index.php?rest_route=%2Fwp%2Fv2%2Fcategories&post=45517"},{"taxonomy":"post_tag","embeddable":true,"href":"https:\/\/www.egemtv.com\/index.php?rest_route=%2Fwp%2Fv2%2Ftags&post=45517"}],"curies":[{"name":"wp","href":"https:\/\/api.w.org\/{rel}","templated":true}]}}