{"id":45514,"date":"2025-07-30T09:14:57","date_gmt":"2025-07-30T06:14:57","guid":{"rendered":"https:\/\/www.egemtv.com\/?p=45514"},"modified":"2025-07-30T09:14:58","modified_gmt":"2025-07-30T06:14:58","slug":"denizli-osbden-gida-guvenligi-icin-egitim-atagi","status":"publish","type":"post","link":"https:\/\/www.egemtv.com\/?p=45514","title":{"rendered":"Denizli OSB\u2019den g\u0131da g\u00fcvenli\u011fi i\u00e7in e\u011fitim ata\u011f\u0131"},"content":{"rendered":"<p>Yaz aylar\u0131nda artan g\u0131da zehirlenmeleri vakalar\u0131na dikkat \u00e7ekmek ve toplumsal fark\u0131ndal\u0131\u011f\u0131 art\u0131rmak amac\u0131yla, &#8220;G\u0131da G\u00fcvenli\u011finde Ya\u015fam Kurtaran Uygulamalar&#8221; semineri Denizli Organize Sanayi B\u00f6lge M\u00fcd\u00fcrl\u00fc\u011f\u00fc ev sahipli\u011finde ger\u00e7ekle\u015ftirildi.<\/p>\n<p>Denizli OSB Konferans Salonu\u2019nda d\u00fczenlenen seminere, b\u00f6lgede faaliyet g\u00f6steren firmalar\u0131n \u00e7al\u0131\u015fanlar\u0131, sanayiciler ve OSB M\u00fcd\u00fcrl\u00fc\u011f\u00fc personeli kat\u0131l\u0131m g\u00f6sterdi. Seminerde G\u0131da G\u00fcvenli\u011fi Uzman\u0131 ve G\u0131da M\u00fchendisi B\u00fc\u015fra Bekar Toprak, g\u0131da kaynakl\u0131 riskler, do\u011fru saklama ve pi\u015firme teknikleri ile a\u00e7\u0131kta sat\u0131lan g\u0131dalar\u0131n t\u00fcketiminde dikkat edilmesi gereken hususlar hakk\u0131nda kritik bilgiler payla\u015ft\u0131. Ger\u00e7ek vaka \u00f6rnekleriyle zenginle\u015ftirilen sunum, kat\u0131l\u0131mc\u0131lar\u0131n dikkatini \u00e7ekerken, soru-cevap b\u00f6l\u00fcm\u00fcyle interaktif bir ortam sa\u011fland\u0131. G\u0131da G\u00fcvenli\u011fi Uzman\u0131 B\u00fc\u015fra Bekar Toprak, basit ama hayati \u00f6nlemlerle g\u0131da kaynakl\u0131 hastal\u0131klar\u0131n ve zehirlenmelerin \u00f6n\u00fcne ge\u00e7ilebilece\u011fini vurgulad\u0131.<\/p>\n<p>Denizli OSB Y\u00f6netim Kurulu Ba\u015fkan\u0131 Derya Baltal\u0131, benzer bilgilendirici etkinliklerin \u00f6n\u00fcm\u00fczdeki d\u00f6nemde de s\u00fcrece\u011fini belirterek, g\u0131da g\u00fcvenli\u011finin sadece bireysel de\u011fil toplumsal bir sorumluluk oldu\u011funa dikkat \u00e7ekti.<br \/><\/p>\n","protected":false},"excerpt":{"rendered":"<p>Yaz aylar\u0131nda artan g\u0131da zehirlenmeleri vakalar\u0131na dikkat \u00e7ekmek ve toplumsal fark\u0131ndal\u0131\u011f\u0131 art\u0131rmak amac\u0131yla, &#8220;G\u0131da G\u00fcvenli\u011finde Ya\u015fam Kurtaran Uygulamalar&#8221; semineri Denizli Organize Sanayi B\u00f6lge M\u00fcd\u00fcrl\u00fc\u011f\u00fc ev sahipli\u011finde ger\u00e7ekle\u015ftirildi. Denizli OSB Konferans Salonu\u2019nda d\u00fczenlenen seminere, b\u00f6lgede faaliyet g\u00f6steren firmalar\u0131n \u00e7al\u0131\u015fanlar\u0131, sanayiciler ve OSB M\u00fcd\u00fcrl\u00fc\u011f\u00fc personeli kat\u0131l\u0131m g\u00f6sterdi. Seminerde G\u0131da G\u00fcvenli\u011fi Uzman\u0131 ve G\u0131da M\u00fchendisi B\u00fc\u015fra Bekar Toprak,&#8230;<\/p>\n","protected":false},"author":1,"featured_media":45515,"comment_status":"open","ping_status":"open","sticky":false,"template":"","format":"standard","meta":{"_crdt_document":"","footnotes":""},"categories":[2],"tags":[],"class_list":["post-45514","post","type-post","status-publish","format-standard","has-post-thumbnail","hentry","category-saglik"],"_links":{"self":[{"href":"https:\/\/www.egemtv.com\/index.php?rest_route=\/wp\/v2\/posts\/45514","targetHints":{"allow":["GET"]}}],"collection":[{"href":"https:\/\/www.egemtv.com\/index.php?rest_route=\/wp\/v2\/posts"}],"about":[{"href":"https:\/\/www.egemtv.com\/index.php?rest_route=\/wp\/v2\/types\/post"}],"author":[{"embeddable":true,"href":"https:\/\/www.egemtv.com\/index.php?rest_route=\/wp\/v2\/users\/1"}],"replies":[{"embeddable":true,"href":"https:\/\/www.egemtv.com\/index.php?rest_route=%2Fwp%2Fv2%2Fcomments&post=45514"}],"version-history":[{"count":1,"href":"https:\/\/www.egemtv.com\/index.php?rest_route=\/wp\/v2\/posts\/45514\/revisions"}],"predecessor-version":[{"id":45516,"href":"https:\/\/www.egemtv.com\/index.php?rest_route=\/wp\/v2\/posts\/45514\/revisions\/45516"}],"wp:featuredmedia":[{"embeddable":true,"href":"https:\/\/www.egemtv.com\/index.php?rest_route=\/wp\/v2\/media\/45515"}],"wp:attachment":[{"href":"https:\/\/www.egemtv.com\/index.php?rest_route=%2Fwp%2Fv2%2Fmedia&parent=45514"}],"wp:term":[{"taxonomy":"category","embeddable":true,"href":"https:\/\/www.egemtv.com\/index.php?rest_route=%2Fwp%2Fv2%2Fcategories&post=45514"},{"taxonomy":"post_tag","embeddable":true,"href":"https:\/\/www.egemtv.com\/index.php?rest_route=%2Fwp%2Fv2%2Ftags&post=45514"}],"curies":[{"name":"wp","href":"https:\/\/api.w.org\/{rel}","templated":true}]}}