{"id":45511,"date":"2025-07-30T07:54:32","date_gmt":"2025-07-30T04:54:32","guid":{"rendered":"https:\/\/www.egemtv.com\/?p=45511"},"modified":"2025-07-30T07:54:32","modified_gmt":"2025-07-30T04:54:32","slug":"sakalasma-bicakli-kavgaya-donustu-1-olu","status":"publish","type":"post","link":"https:\/\/www.egemtv.com\/?p=45511","title":{"rendered":"\u015eakala\u015fma b\u0131\u00e7akl\u0131 kavgaya d\u00f6n\u00fc\u015ft\u00fc: 1 \u00f6l\u00fc"},"content":{"rendered":"<p>Denizli\u2019nin Buldan il\u00e7esinde iki arkada\u015f aras\u0131nda ba\u015flayan \u015fakala\u015fma kavgaya d\u00f6n\u00fc\u015ft\u00fc.<br \/>\n<br \/>17 ya\u015f\u0131ndaki gen\u00e7, elinde bulunan b\u0131\u00e7ak ile 16 ya\u015f\u0131ndaki i\u015f arkada\u015f\u0131n\u0131 b\u0131\u00e7aklayarak a\u011f\u0131r yaralad\u0131. Hastaneye kald\u0131r\u0131lan gen\u00e7 yap\u0131lan t\u00fcm m\u00fcdahalelere ra\u011fmen hayat\u0131n\u0131 kaybetti.<\/p>\n<p>Olay, Buldan il\u00e7esi Cumhuriyet Mahallesi\u2019nde meydana geldi. Edinilen bilgilere g\u00f6re, bir lokantada \u00e7al\u0131\u015fan Mehmet Aksoy (17) ile Bahri \u00c7. (16) kendi aralar\u0131nda \u015fakala\u015f\u0131rken bir anda s\u00f6zl\u00fc tart\u0131\u015fma kavgaya d\u00f6n\u00fc\u015ft\u00fc. Bahri \u00c7. elinde bulunan b\u0131\u00e7ak ile sald\u0131rarak Mehmet Aksoy\u2019u g\u00f6\u011fs\u00fcn\u00fcn alt k\u0131sm\u0131ndan yaralad\u0131. Durumu fark eden lokanta \u00e7al\u0131\u015fanlar\u0131 kavgay\u0131 ay\u0131rd\u0131. \u0130hbar \u00fczerine b\u00f6lgeye sa\u011fl\u0131k ve polis ekipleri sevk edildi. B\u00f6lgeye gelen sa\u011fl\u0131k ekipleri, a\u011f\u0131r yaralanan Mehmet Aksoy\u2019u ilk m\u00fcdahalelerin ard\u0131ndan ambulansla Buldan G\u00f6\u011f\u00fcs Hastal\u0131klar\u0131 Hastanesine sevk etti. \u0130lk tedavisi yap\u0131lan Mehmet Aksoy, ameliyat i\u00e7in Pamukkale \u00dcniversite Hastanesine sevk edildi.<br \/>\n<br \/>Ameliyata al\u0131nan Mehmet Aksoy, yap\u0131lan t\u00fcm m\u00fcdahalelere ra\u011fmen hayat\u0131n\u0131 kaybetti. Mehmet Aksoy\u2019un cenazesi otopsi i\u00e7in Adli T\u0131p Kurumu Ba\u015fkanl\u0131\u011f\u0131 morguna kald\u0131r\u0131ld\u0131.<\/p>\n<p>Bahri \u00c7.\u2019nin ise g\u00f6zalt\u0131na al\u0131nd\u0131\u011f\u0131 \u00f6\u011frenildi. Olay ile ilgili soru\u015fturma ba\u015flat\u0131ld\u0131.<br \/><\/p>\n","protected":false},"excerpt":{"rendered":"<p>Denizli\u2019nin Buldan il\u00e7esinde iki arkada\u015f aras\u0131nda ba\u015flayan \u015fakala\u015fma kavgaya d\u00f6n\u00fc\u015ft\u00fc. 17 ya\u015f\u0131ndaki gen\u00e7, elinde bulunan b\u0131\u00e7ak ile 16 ya\u015f\u0131ndaki i\u015f arkada\u015f\u0131n\u0131 b\u0131\u00e7aklayarak a\u011f\u0131r yaralad\u0131. Hastaneye kald\u0131r\u0131lan gen\u00e7 yap\u0131lan t\u00fcm m\u00fcdahalelere ra\u011fmen hayat\u0131n\u0131 kaybetti. Olay, Buldan il\u00e7esi Cumhuriyet Mahallesi\u2019nde meydana geldi. Edinilen bilgilere g\u00f6re, bir lokantada \u00e7al\u0131\u015fan Mehmet Aksoy (17) ile Bahri \u00c7. (16) kendi aralar\u0131nda&#8230;<\/p>\n","protected":false},"author":1,"featured_media":45512,"comment_status":"open","ping_status":"open","sticky":false,"template":"","format":"standard","meta":{"_crdt_document":"","footnotes":""},"categories":[5],"tags":[],"class_list":["post-45511","post","type-post","status-publish","format-standard","has-post-thumbnail","hentry","category-asayis"],"_links":{"self":[{"href":"https:\/\/www.egemtv.com\/index.php?rest_route=\/wp\/v2\/posts\/45511","targetHints":{"allow":["GET"]}}],"collection":[{"href":"https:\/\/www.egemtv.com\/index.php?rest_route=\/wp\/v2\/posts"}],"about":[{"href":"https:\/\/www.egemtv.com\/index.php?rest_route=\/wp\/v2\/types\/post"}],"author":[{"embeddable":true,"href":"https:\/\/www.egemtv.com\/index.php?rest_route=\/wp\/v2\/users\/1"}],"replies":[{"embeddable":true,"href":"https:\/\/www.egemtv.com\/index.php?rest_route=%2Fwp%2Fv2%2Fcomments&post=45511"}],"version-history":[{"count":1,"href":"https:\/\/www.egemtv.com\/index.php?rest_route=\/wp\/v2\/posts\/45511\/revisions"}],"predecessor-version":[{"id":45513,"href":"https:\/\/www.egemtv.com\/index.php?rest_route=\/wp\/v2\/posts\/45511\/revisions\/45513"}],"wp:featuredmedia":[{"embeddable":true,"href":"https:\/\/www.egemtv.com\/index.php?rest_route=\/wp\/v2\/media\/45512"}],"wp:attachment":[{"href":"https:\/\/www.egemtv.com\/index.php?rest_route=%2Fwp%2Fv2%2Fmedia&parent=45511"}],"wp:term":[{"taxonomy":"category","embeddable":true,"href":"https:\/\/www.egemtv.com\/index.php?rest_route=%2Fwp%2Fv2%2Fcategories&post=45511"},{"taxonomy":"post_tag","embeddable":true,"href":"https:\/\/www.egemtv.com\/index.php?rest_route=%2Fwp%2Fv2%2Ftags&post=45511"}],"curies":[{"name":"wp","href":"https:\/\/api.w.org\/{rel}","templated":true}]}}