{"id":45508,"date":"2025-07-30T01:34:30","date_gmt":"2025-07-29T22:34:30","guid":{"rendered":"https:\/\/www.egemtv.com\/?p=45508"},"modified":"2025-07-30T01:34:31","modified_gmt":"2025-07-29T22:34:31","slug":"agir-yarali-olarak-hastaneye-kaldirilan-motosiklet-surucusu-hayatini-kaybetti","status":"publish","type":"post","link":"https:\/\/www.egemtv.com\/?p=45508","title":{"rendered":"A\u011f\u0131r yaral\u0131 olarak hastaneye kald\u0131r\u0131lan motosiklet s\u00fcr\u00fcc\u00fcs\u00fc hayat\u0131n\u0131 kaybetti"},"content":{"rendered":"<p>Ayd\u0131n\u2019\u0131n Efeler il\u00e7esinde motosiklet ile ticari arac\u0131n \u00e7arp\u0131\u015fmas\u0131 sonucu meydana gelen kazada 1\u2019i a\u011f\u0131r 2 ki\u015fi yaralan\u0131rken, a\u011f\u0131r yaral\u0131 olarak hastanede tedavi alt\u0131na al\u0131nan Bilal Ulu\u0131\u015f\u0131k doktorlar\u0131n t\u00fcm \u00e7abas\u0131na ra\u011fmen kurtar\u0131lamayarak hayat\u0131n\u0131 kaybetti.<\/p>\n<p>Kaza, Ata Mahallesi Magnesia Bulvar\u0131 \u00fczerinde 29 Temmuz Sal\u0131 g\u00fcn\u00fc meydana geldi. Edinilen bilgiye g\u00f6re E.Y. idaresindeki 09 APG 482 ticari ara\u00e7 ile Bilal Ulu\u0131\u015f\u0131k y\u00f6netimindeki 09 ARM 338 plakal\u0131 motosiklet \u00e7arp\u0131\u015ft\u0131. \u00c7arp\u0131\u015fman\u0131n etkisiyle yola savrulan motosiklette s\u00fcr\u00fcc\u00fc Bilal Ulu\u0131\u015f\u0131k (17) ile yolcu konumundaki S.G. (17) a\u011f\u0131r yaraland\u0131. \u00c7evredekilerin ihbar\u0131 \u00fczerine b\u00f6lgeye polis ve sa\u011fl\u0131k ekipleri sevk edildi. K\u0131sa s\u00fcrede olay yerine gelen sa\u011fl\u0131k ekipleri yaral\u0131lara ilk m\u00fcdahalelerini yaparak ambulansla hastaneye kald\u0131rd\u0131. Hastanede tedavi alt\u0131na al\u0131nan yaral\u0131lardan motosiklet s\u00fcr\u00fcc\u00fcs\u00fc Ulu\u0131\u015f\u0131k doktorlar\u0131n t\u00fcm \u00e7abalar\u0131na ra\u011fmen kurtar\u0131lamayarak hayat\u0131n\u0131 kaybetti. Ulu\u0131\u015f\u0131k\u2019\u0131n \u00f6l\u00fcm haberi ailesi ve t\u00fcm sevenlerini yasa bo\u011fdu.<br \/><\/p>\n","protected":false},"excerpt":{"rendered":"<p>Ayd\u0131n\u2019\u0131n Efeler il\u00e7esinde motosiklet ile ticari arac\u0131n \u00e7arp\u0131\u015fmas\u0131 sonucu meydana gelen kazada 1\u2019i a\u011f\u0131r 2 ki\u015fi yaralan\u0131rken, a\u011f\u0131r yaral\u0131 olarak hastanede tedavi alt\u0131na al\u0131nan Bilal Ulu\u0131\u015f\u0131k doktorlar\u0131n t\u00fcm \u00e7abas\u0131na ra\u011fmen kurtar\u0131lamayarak hayat\u0131n\u0131 kaybetti. Kaza, Ata Mahallesi Magnesia Bulvar\u0131 \u00fczerinde 29 Temmuz Sal\u0131 g\u00fcn\u00fc meydana geldi. Edinilen bilgiye g\u00f6re E.Y. idaresindeki 09 APG 482 ticari ara\u00e7&#8230;<\/p>\n","protected":false},"author":1,"featured_media":45509,"comment_status":"open","ping_status":"open","sticky":false,"template":"","format":"standard","meta":{"_crdt_document":"","footnotes":""},"categories":[5],"tags":[],"class_list":["post-45508","post","type-post","status-publish","format-standard","has-post-thumbnail","hentry","category-asayis"],"_links":{"self":[{"href":"https:\/\/www.egemtv.com\/index.php?rest_route=\/wp\/v2\/posts\/45508","targetHints":{"allow":["GET"]}}],"collection":[{"href":"https:\/\/www.egemtv.com\/index.php?rest_route=\/wp\/v2\/posts"}],"about":[{"href":"https:\/\/www.egemtv.com\/index.php?rest_route=\/wp\/v2\/types\/post"}],"author":[{"embeddable":true,"href":"https:\/\/www.egemtv.com\/index.php?rest_route=\/wp\/v2\/users\/1"}],"replies":[{"embeddable":true,"href":"https:\/\/www.egemtv.com\/index.php?rest_route=%2Fwp%2Fv2%2Fcomments&post=45508"}],"version-history":[{"count":1,"href":"https:\/\/www.egemtv.com\/index.php?rest_route=\/wp\/v2\/posts\/45508\/revisions"}],"predecessor-version":[{"id":45510,"href":"https:\/\/www.egemtv.com\/index.php?rest_route=\/wp\/v2\/posts\/45508\/revisions\/45510"}],"wp:featuredmedia":[{"embeddable":true,"href":"https:\/\/www.egemtv.com\/index.php?rest_route=\/wp\/v2\/media\/45509"}],"wp:attachment":[{"href":"https:\/\/www.egemtv.com\/index.php?rest_route=%2Fwp%2Fv2%2Fmedia&parent=45508"}],"wp:term":[{"taxonomy":"category","embeddable":true,"href":"https:\/\/www.egemtv.com\/index.php?rest_route=%2Fwp%2Fv2%2Fcategories&post=45508"},{"taxonomy":"post_tag","embeddable":true,"href":"https:\/\/www.egemtv.com\/index.php?rest_route=%2Fwp%2Fv2%2Ftags&post=45508"}],"curies":[{"name":"wp","href":"https:\/\/api.w.org\/{rel}","templated":true}]}}