{"id":45505,"date":"2025-07-30T00:34:52","date_gmt":"2025-07-29T21:34:52","guid":{"rendered":"https:\/\/www.egemtv.com\/?p=45505"},"modified":"2025-07-30T00:34:53","modified_gmt":"2025-07-29T21:34:53","slug":"yunusemre-belediyespor-turkiye-finalinde","status":"publish","type":"post","link":"https:\/\/www.egemtv.com\/?p=45505","title":{"rendered":"Yunusemre Belediyespor T\u00fcrkiye finalinde"},"content":{"rendered":"<p>Manisa\u2019n\u0131n Yunusemre Belediyespor U17 Futbol Tak\u0131m\u0131, Yalova\u2019da d\u00fczenlenen U17 T\u00fcrkiye Futbol \u015eampiyonas\u0131 4\u2019l\u00fc Finalleri Yar\u0131 Finali\u2019nde \u0130stanbul temsilcisi Kartalspor\u2019u 2-1 ma\u011flup ederek ad\u0131n\u0131 T\u00fcrkiye Finali\u2019ne yazd\u0131rd\u0131.<br \/>\n<br \/>Yalova Atat\u00fcrk Stadyumu\u2019nda oynanan yar\u0131 final m\u00fccadelesinde sahaya istekli ba\u015flayan Yunusemre Belediyespor, rakibi kar\u015f\u0131s\u0131nda \u00fcst\u00fcn bir oyun sergiledi. Ma\u00e7ta Yunusemre ekibinin golleri Ahmet \u015ean\u0131er ve Emirhan Ak\u00e7a\u2019dan geldi.<br \/>\n<br \/>Ma\u00e7 sonunda b\u00fcy\u00fck sevin\u00e7 ya\u015fayan gen\u00e7 futbolcular, hedeflerinin T\u00fcrkiye \u015fampiyonlu\u011fu oldu\u011funu belirtti. Yunusemre Belediyespor U17 Tak\u0131m\u0131, finalde 30 Temmuz \u00c7ar\u015famba g\u00fcn\u00fc saat 18.30\u2019da Ankara temsilcisi Polatl\u0131 Gen\u00e7lerg\u00fcc\u00fc ile kar\u015f\u0131la\u015facak.<\/p>\n<p>&#8220;\u015eampiyonlu\u011fa y\u00fcrekten inan\u0131yoruz&#8221;<br \/>\n<br \/>Yunusemre Belediye Ba\u015fkan\u0131 Semih Balaban, elde edilen ba\u015far\u0131dan dolay\u0131 tak\u0131m\u0131 tebrik etti. Ba\u015fkan Balaban yapt\u0131\u011f\u0131 a\u00e7\u0131klamada, &#8220;T\u00fcrkiye \u015eampiyonas\u0131\u2019nda Manisa\u2019m\u0131z\u0131 ve Yunusemre\u2019mizi en iyi \u015fekilde temsil eden gen\u00e7lerimizle gurur duyuyoruz. Bu ba\u015far\u0131da eme\u011fi ge\u00e7en Kul\u00fcp Ba\u015fkan\u0131m\u0131z B\u00fclent Kanik\u2019i, y\u00f6neticilerimizi, ba\u015fkan yard\u0131mc\u0131lar\u0131m\u0131z\u0131, m\u00fcd\u00fcrlerimizi, teknik heyetimizi, futbolcular\u0131m\u0131z\u0131 ve ailelerini kutluyorum. Gen\u00e7lerimizin finali de kazanarak T\u00fcrkiye \u015fampiyonu olaca\u011f\u0131na y\u00fcrekten inan\u0131yoruz&#8221; dedi.<br \/><\/p>\n","protected":false},"excerpt":{"rendered":"<p>Manisa\u2019n\u0131n Yunusemre Belediyespor U17 Futbol Tak\u0131m\u0131, Yalova\u2019da d\u00fczenlenen U17 T\u00fcrkiye Futbol \u015eampiyonas\u0131 4\u2019l\u00fc Finalleri Yar\u0131 Finali\u2019nde \u0130stanbul temsilcisi Kartalspor\u2019u 2-1 ma\u011flup ederek ad\u0131n\u0131 T\u00fcrkiye Finali\u2019ne yazd\u0131rd\u0131. Yalova Atat\u00fcrk Stadyumu\u2019nda oynanan yar\u0131 final m\u00fccadelesinde sahaya istekli ba\u015flayan Yunusemre Belediyespor, rakibi kar\u015f\u0131s\u0131nda \u00fcst\u00fcn bir oyun sergiledi. Ma\u00e7ta Yunusemre ekibinin golleri Ahmet \u015ean\u0131er ve Emirhan Ak\u00e7a\u2019dan geldi. Ma\u00e7&#8230;<\/p>\n","protected":false},"author":1,"featured_media":45506,"comment_status":"open","ping_status":"open","sticky":false,"template":"","format":"standard","meta":{"_crdt_document":"","footnotes":""},"categories":[4],"tags":[],"class_list":["post-45505","post","type-post","status-publish","format-standard","has-post-thumbnail","hentry","category-spor"],"_links":{"self":[{"href":"https:\/\/www.egemtv.com\/index.php?rest_route=\/wp\/v2\/posts\/45505","targetHints":{"allow":["GET"]}}],"collection":[{"href":"https:\/\/www.egemtv.com\/index.php?rest_route=\/wp\/v2\/posts"}],"about":[{"href":"https:\/\/www.egemtv.com\/index.php?rest_route=\/wp\/v2\/types\/post"}],"author":[{"embeddable":true,"href":"https:\/\/www.egemtv.com\/index.php?rest_route=\/wp\/v2\/users\/1"}],"replies":[{"embeddable":true,"href":"https:\/\/www.egemtv.com\/index.php?rest_route=%2Fwp%2Fv2%2Fcomments&post=45505"}],"version-history":[{"count":1,"href":"https:\/\/www.egemtv.com\/index.php?rest_route=\/wp\/v2\/posts\/45505\/revisions"}],"predecessor-version":[{"id":45507,"href":"https:\/\/www.egemtv.com\/index.php?rest_route=\/wp\/v2\/posts\/45505\/revisions\/45507"}],"wp:featuredmedia":[{"embeddable":true,"href":"https:\/\/www.egemtv.com\/index.php?rest_route=\/wp\/v2\/media\/45506"}],"wp:attachment":[{"href":"https:\/\/www.egemtv.com\/index.php?rest_route=%2Fwp%2Fv2%2Fmedia&parent=45505"}],"wp:term":[{"taxonomy":"category","embeddable":true,"href":"https:\/\/www.egemtv.com\/index.php?rest_route=%2Fwp%2Fv2%2Fcategories&post=45505"},{"taxonomy":"post_tag","embeddable":true,"href":"https:\/\/www.egemtv.com\/index.php?rest_route=%2Fwp%2Fv2%2Ftags&post=45505"}],"curies":[{"name":"wp","href":"https:\/\/api.w.org\/{rel}","templated":true}]}}