{"id":45502,"date":"2025-07-29T23:34:55","date_gmt":"2025-07-29T20:34:55","guid":{"rendered":"https:\/\/www.egemtv.com\/?p=45502"},"modified":"2025-07-29T23:34:56","modified_gmt":"2025-07-29T20:34:56","slug":"denizlide-polis-memuru-kaldigi-apartta-olu-bulundu","status":"publish","type":"post","link":"https:\/\/www.egemtv.com\/?p=45502","title":{"rendered":"Denizli\u2019de polis memuru kald\u0131\u011f\u0131 apartta \u00f6l\u00fc bulundu"},"content":{"rendered":"<p>Denizli\u2019nin Pamukkale il\u00e7esinde bir polis memuru, ya\u015fad\u0131\u011f\u0131 apartta \u00f6l\u00fc bulundu.<br \/>\n<br \/>Olay, Pamukkale il\u00e7esi Asmal\u0131evler Mahallesi\u2019nde meydana geldi. Edinilen bilgilere g\u00f6re, kendisinden bir s\u00fcredir haber al\u0131namayan polis memuru \u0130smail D. (41) kald\u0131\u011f\u0131 apartta hareketsiz \u015fekilde bulundu. Kom\u015fular\u0131n durumu 112 Acil \u00c7a\u011fr\u0131 Merkezine bildirdi. \u0130hbar \u00fczerine b\u00f6lgeye polis ve sa\u011fl\u0131k ekipleri sevk edildi.<br \/>\n<br \/>B\u00f6lgeye gelen sa\u011fl\u0131k ekiplerinin kontrollerinin ard\u0131ndan \u0130smail D.\u2019nin hayat\u0131n\u0131 kaybetti\u011fini belirledi. Olay yeri inceleme ekiplerinin yapt\u0131\u011f\u0131 incelemelerinin ard\u0131ndan \u0130smail D.\u2019nin cenazesi, otopsi i\u00e7in Adli T\u0131p Kurumu Ba\u015fkanl\u0131\u011f\u0131 morguna kald\u0131r\u0131ld\u0131. Yap\u0131lan ilk incelemelere g\u00f6re \u0130smail D.\u2019nin beylik tabancas\u0131yla kendini vurarak hayat\u0131n\u0131 kaybetti\u011fi tespit edilirken, \u0130smail D.\u2019nin meslekta\u015flar\u0131 ve yak\u0131nlar\u0131 ac\u0131 haberle yasa bo\u011fuldu.<br \/>\n<br \/>Olayla ilgili soru\u015fturma ba\u015flat\u0131ld\u0131.<br \/><\/p>\n","protected":false},"excerpt":{"rendered":"<p>Denizli\u2019nin Pamukkale il\u00e7esinde bir polis memuru, ya\u015fad\u0131\u011f\u0131 apartta \u00f6l\u00fc bulundu. Olay, Pamukkale il\u00e7esi Asmal\u0131evler Mahallesi\u2019nde meydana geldi. Edinilen bilgilere g\u00f6re, kendisinden bir s\u00fcredir haber al\u0131namayan polis memuru \u0130smail D. (41) kald\u0131\u011f\u0131 apartta hareketsiz \u015fekilde bulundu. Kom\u015fular\u0131n durumu 112 Acil \u00c7a\u011fr\u0131 Merkezine bildirdi. \u0130hbar \u00fczerine b\u00f6lgeye polis ve sa\u011fl\u0131k ekipleri sevk edildi. B\u00f6lgeye gelen sa\u011fl\u0131k ekiplerinin&#8230;<\/p>\n","protected":false},"author":1,"featured_media":45503,"comment_status":"open","ping_status":"open","sticky":false,"template":"","format":"standard","meta":{"_crdt_document":"","footnotes":""},"categories":[5],"tags":[],"class_list":["post-45502","post","type-post","status-publish","format-standard","has-post-thumbnail","hentry","category-asayis"],"_links":{"self":[{"href":"https:\/\/www.egemtv.com\/index.php?rest_route=\/wp\/v2\/posts\/45502","targetHints":{"allow":["GET"]}}],"collection":[{"href":"https:\/\/www.egemtv.com\/index.php?rest_route=\/wp\/v2\/posts"}],"about":[{"href":"https:\/\/www.egemtv.com\/index.php?rest_route=\/wp\/v2\/types\/post"}],"author":[{"embeddable":true,"href":"https:\/\/www.egemtv.com\/index.php?rest_route=\/wp\/v2\/users\/1"}],"replies":[{"embeddable":true,"href":"https:\/\/www.egemtv.com\/index.php?rest_route=%2Fwp%2Fv2%2Fcomments&post=45502"}],"version-history":[{"count":1,"href":"https:\/\/www.egemtv.com\/index.php?rest_route=\/wp\/v2\/posts\/45502\/revisions"}],"predecessor-version":[{"id":45504,"href":"https:\/\/www.egemtv.com\/index.php?rest_route=\/wp\/v2\/posts\/45502\/revisions\/45504"}],"wp:featuredmedia":[{"embeddable":true,"href":"https:\/\/www.egemtv.com\/index.php?rest_route=\/wp\/v2\/media\/45503"}],"wp:attachment":[{"href":"https:\/\/www.egemtv.com\/index.php?rest_route=%2Fwp%2Fv2%2Fmedia&parent=45502"}],"wp:term":[{"taxonomy":"category","embeddable":true,"href":"https:\/\/www.egemtv.com\/index.php?rest_route=%2Fwp%2Fv2%2Fcategories&post=45502"},{"taxonomy":"post_tag","embeddable":true,"href":"https:\/\/www.egemtv.com\/index.php?rest_route=%2Fwp%2Fv2%2Ftags&post=45502"}],"curies":[{"name":"wp","href":"https:\/\/api.w.org\/{rel}","templated":true}]}}