{"id":45499,"date":"2025-07-29T23:14:39","date_gmt":"2025-07-29T20:14:39","guid":{"rendered":"https:\/\/www.egemtv.com\/?p=45499"},"modified":"2025-07-29T23:14:39","modified_gmt":"2025-07-29T20:14:39","slug":"yol-ortasinda-olduresiye-darbettiler-o-anlar-kamerada","status":"publish","type":"post","link":"https:\/\/www.egemtv.com\/?p=45499","title":{"rendered":"Yol ortas\u0131nda \u00f6ld\u00fcresiye darbettiler: O anlar kamerada"},"content":{"rendered":"<p>Ayd\u0131n\u2019\u0131n Ku\u015fadas\u0131 il\u00e7esinde bir ki\u015fi, yol ortas\u0131nda bir grup taraf\u0131ndan \u00f6ld\u00fcresiye d\u00f6v\u00fcld\u00fc. \u00d6fkeli grubun elinden \u015fahs\u0131 vatanda\u015flar kurtard\u0131.<br \/>\n<br \/>Olay, Ku\u015fadas\u0131 \u0130ki\u00e7emelik Mahallesi Ayd\u0131n Bulvar\u0131 \u00fczerinde ya\u015fand\u0131. Amat\u00f6r kameraya yans\u0131yan g\u00f6r\u00fcnt\u00fclerde, kimlikleri hen\u00fcz belirlenemeyen bir grup ile bir \u015fahs\u0131 sald\u0131rd\u0131. Sebebinin k\u00fcf\u00fcr ve hakaret oldu\u011fu iddia edilen olayda, yumruk ve sopalarla \u00f6ld\u00fcresiye d\u00f6v\u00fclen \u015fah\u0131s, bir motosikletin \u00fczerine y\u0131\u011f\u0131larak hareketsiz kald\u0131. Buna ra\u011fmen \u015fahs\u0131 yumruk ve sopalarla darbeden grubu \u00e7evredeki vatanda\u015flar engel olmaya \u00e7al\u0131\u015ft\u0131. Feci olay\u0131n g\u00f6r\u00fcnt\u00fcleri amat\u00f6r kameralara bu \u015fekilde yans\u0131rken, adeta lin\u00e7 edilen \u015fahs\u0131n ak\u0131beti konusunda herhangi bir a\u00e7\u0131klama yap\u0131lmad\u0131.<br \/><\/p>\n","protected":false},"excerpt":{"rendered":"<p>Ayd\u0131n\u2019\u0131n Ku\u015fadas\u0131 il\u00e7esinde bir ki\u015fi, yol ortas\u0131nda bir grup taraf\u0131ndan \u00f6ld\u00fcresiye d\u00f6v\u00fcld\u00fc. \u00d6fkeli grubun elinden \u015fahs\u0131 vatanda\u015flar kurtard\u0131. Olay, Ku\u015fadas\u0131 \u0130ki\u00e7emelik Mahallesi Ayd\u0131n Bulvar\u0131 \u00fczerinde ya\u015fand\u0131. Amat\u00f6r kameraya yans\u0131yan g\u00f6r\u00fcnt\u00fclerde, kimlikleri hen\u00fcz belirlenemeyen bir grup ile bir \u015fahs\u0131 sald\u0131rd\u0131. Sebebinin k\u00fcf\u00fcr ve hakaret oldu\u011fu iddia edilen olayda, yumruk ve sopalarla \u00f6ld\u00fcresiye d\u00f6v\u00fclen \u015fah\u0131s, bir motosikletin&#8230;<\/p>\n","protected":false},"author":1,"featured_media":45500,"comment_status":"open","ping_status":"open","sticky":false,"template":"","format":"standard","meta":{"_crdt_document":"","footnotes":""},"categories":[5],"tags":[],"class_list":["post-45499","post","type-post","status-publish","format-standard","has-post-thumbnail","hentry","category-asayis"],"_links":{"self":[{"href":"https:\/\/www.egemtv.com\/index.php?rest_route=\/wp\/v2\/posts\/45499","targetHints":{"allow":["GET"]}}],"collection":[{"href":"https:\/\/www.egemtv.com\/index.php?rest_route=\/wp\/v2\/posts"}],"about":[{"href":"https:\/\/www.egemtv.com\/index.php?rest_route=\/wp\/v2\/types\/post"}],"author":[{"embeddable":true,"href":"https:\/\/www.egemtv.com\/index.php?rest_route=\/wp\/v2\/users\/1"}],"replies":[{"embeddable":true,"href":"https:\/\/www.egemtv.com\/index.php?rest_route=%2Fwp%2Fv2%2Fcomments&post=45499"}],"version-history":[{"count":1,"href":"https:\/\/www.egemtv.com\/index.php?rest_route=\/wp\/v2\/posts\/45499\/revisions"}],"predecessor-version":[{"id":45501,"href":"https:\/\/www.egemtv.com\/index.php?rest_route=\/wp\/v2\/posts\/45499\/revisions\/45501"}],"wp:featuredmedia":[{"embeddable":true,"href":"https:\/\/www.egemtv.com\/index.php?rest_route=\/wp\/v2\/media\/45500"}],"wp:attachment":[{"href":"https:\/\/www.egemtv.com\/index.php?rest_route=%2Fwp%2Fv2%2Fmedia&parent=45499"}],"wp:term":[{"taxonomy":"category","embeddable":true,"href":"https:\/\/www.egemtv.com\/index.php?rest_route=%2Fwp%2Fv2%2Fcategories&post=45499"},{"taxonomy":"post_tag","embeddable":true,"href":"https:\/\/www.egemtv.com\/index.php?rest_route=%2Fwp%2Fv2%2Ftags&post=45499"}],"curies":[{"name":"wp","href":"https:\/\/api.w.org\/{rel}","templated":true}]}}