{"id":45496,"date":"2025-07-29T20:34:57","date_gmt":"2025-07-29T17:34:57","guid":{"rendered":"https:\/\/www.egemtv.com\/?p=45496"},"modified":"2025-07-29T20:34:58","modified_gmt":"2025-07-29T17:34:58","slug":"manisadaki-orman-yangini-kontrol-altina-alindi-2","status":"publish","type":"post","link":"https:\/\/www.egemtv.com\/?p=45496","title":{"rendered":"Manisa\u2019daki orman yang\u0131n\u0131 kontrol alt\u0131na al\u0131nd\u0131"},"content":{"rendered":"<p>Manisa\u2019n\u0131n G\u00f6rdes il\u00e7esinde zirai alanda ba\u015flayan ve ormanl\u0131k alana s\u0131\u00e7rayan yang\u0131n, ekiplerin \u00fcst\u00fcn \u00e7abalar\u0131yla yakla\u015f\u0131k 5 saat sonra kontrol alt\u0131na al\u0131nd\u0131. Yang\u0131nla ilgili an\u0131z ba\u015f\u0131nda ate\u015f yak\u0131p \u00e7ay demleyen 3 ki\u015finin g\u00f6zalt\u0131na al\u0131nd\u0131\u011f\u0131 a\u00e7\u0131kland\u0131.<br \/>\n<br \/>Manisa\u2019n\u0131n G\u00f6rdes il\u00e7esine ba\u011fl\u0131 Salur Mahallesinde 14.40\u2019ta zirai alanda ba\u015flayan ve ormanl\u0131k alana s\u0131\u00e7rayan yang\u0131n Manisa Valili\u011fi koordinesinde y\u00fcr\u00fct\u00fclen \u00e7al\u0131\u015fmalar sonucu yakla\u015f\u0131k 5 saat sonra kontrol alt\u0131na al\u0131nd\u0131. B\u00f6lgede so\u011futma \u00e7al\u0131\u015fmalar\u0131n\u0131n devam etti\u011fi \u00f6\u011frenildi. Yang\u0131n s\u00f6nd\u00fcrme \u00e7al\u0131\u015fmalar\u0131na 21 hava arac\u0131, 40 s\u00f6nd\u00fcrme arac\u0131, 11 i\u015f makinesi ile 174 personel ile b\u00f6lge halk\u0131n\u0131n kat\u0131ld\u0131\u011f\u0131 \u00f6\u011frenildi.<\/p>\n<p>An\u0131z ba\u015f\u0131nda \u00e7ay demlemi\u015fler<br \/>\n<br \/>Yang\u0131n \u00f6ncesi an\u0131z ba\u015f\u0131nda ate\u015f yakan ve \u00e7ay demleyen Y.K. (34), Y.S. (15) ve H.K. (69) adl\u0131 3 \u015f\u00fcpheli jandarma ekipleri taraf\u0131ndan g\u00f6zalt\u0131na al\u0131nd\u0131.<br \/><\/p>\n","protected":false},"excerpt":{"rendered":"<p>Manisa\u2019n\u0131n G\u00f6rdes il\u00e7esinde zirai alanda ba\u015flayan ve ormanl\u0131k alana s\u0131\u00e7rayan yang\u0131n, ekiplerin \u00fcst\u00fcn \u00e7abalar\u0131yla yakla\u015f\u0131k 5 saat sonra kontrol alt\u0131na al\u0131nd\u0131. Yang\u0131nla ilgili an\u0131z ba\u015f\u0131nda ate\u015f yak\u0131p \u00e7ay demleyen 3 ki\u015finin g\u00f6zalt\u0131na al\u0131nd\u0131\u011f\u0131 a\u00e7\u0131kland\u0131. Manisa\u2019n\u0131n G\u00f6rdes il\u00e7esine ba\u011fl\u0131 Salur Mahallesinde 14.40\u2019ta zirai alanda ba\u015flayan ve ormanl\u0131k alana s\u0131\u00e7rayan yang\u0131n Manisa Valili\u011fi koordinesinde y\u00fcr\u00fct\u00fclen \u00e7al\u0131\u015fmalar sonucu&#8230;<\/p>\n","protected":false},"author":1,"featured_media":45497,"comment_status":"open","ping_status":"open","sticky":false,"template":"","format":"standard","meta":{"_crdt_document":"","footnotes":""},"categories":[5],"tags":[],"class_list":["post-45496","post","type-post","status-publish","format-standard","has-post-thumbnail","hentry","category-asayis"],"_links":{"self":[{"href":"https:\/\/www.egemtv.com\/index.php?rest_route=\/wp\/v2\/posts\/45496","targetHints":{"allow":["GET"]}}],"collection":[{"href":"https:\/\/www.egemtv.com\/index.php?rest_route=\/wp\/v2\/posts"}],"about":[{"href":"https:\/\/www.egemtv.com\/index.php?rest_route=\/wp\/v2\/types\/post"}],"author":[{"embeddable":true,"href":"https:\/\/www.egemtv.com\/index.php?rest_route=\/wp\/v2\/users\/1"}],"replies":[{"embeddable":true,"href":"https:\/\/www.egemtv.com\/index.php?rest_route=%2Fwp%2Fv2%2Fcomments&post=45496"}],"version-history":[{"count":1,"href":"https:\/\/www.egemtv.com\/index.php?rest_route=\/wp\/v2\/posts\/45496\/revisions"}],"predecessor-version":[{"id":45498,"href":"https:\/\/www.egemtv.com\/index.php?rest_route=\/wp\/v2\/posts\/45496\/revisions\/45498"}],"wp:featuredmedia":[{"embeddable":true,"href":"https:\/\/www.egemtv.com\/index.php?rest_route=\/wp\/v2\/media\/45497"}],"wp:attachment":[{"href":"https:\/\/www.egemtv.com\/index.php?rest_route=%2Fwp%2Fv2%2Fmedia&parent=45496"}],"wp:term":[{"taxonomy":"category","embeddable":true,"href":"https:\/\/www.egemtv.com\/index.php?rest_route=%2Fwp%2Fv2%2Fcategories&post=45496"},{"taxonomy":"post_tag","embeddable":true,"href":"https:\/\/www.egemtv.com\/index.php?rest_route=%2Fwp%2Fv2%2Ftags&post=45496"}],"curies":[{"name":"wp","href":"https:\/\/api.w.org\/{rel}","templated":true}]}}