{"id":45493,"date":"2025-07-29T20:19:16","date_gmt":"2025-07-29T17:19:16","guid":{"rendered":"https:\/\/www.egemtv.com\/?p=45493"},"modified":"2025-07-29T20:19:17","modified_gmt":"2025-07-29T17:19:17","slug":"hafif-ticari-arac-ile-traktor-carpisti-7-kisi-yaralandi","status":"publish","type":"post","link":"https:\/\/www.egemtv.com\/?p=45493","title":{"rendered":"Hafif ticari ara\u00e7 ile trakt\u00f6r \u00e7arp\u0131\u015ft\u0131: 7 ki\u015fi yaraland\u0131"},"content":{"rendered":"<p>Burdur\u2019un G\u00f6lhisar il\u00e7esinde hafif ticari ara\u00e7  ile trakt\u00f6r\u00fcn \u00e7arp\u0131\u015fmas\u0131 sonucu meydana gelen kazada 7 ki\u015fi yaraland\u0131.<br \/>\n<br \/>Kaza, G\u00f6lhisar il\u00e7esinde Merkezcami Mahallesi Mehmet Akif Ersoy Bulvar\u0131 \u00fczerinde meydana geldi. Edinilen bilgilere g\u00f6re, Celal E. (58) idaresindeki 15 HE 720 plakal\u0131 trakt\u00f6r ile Fatih M.K. (32) idaresindeki 34 NJU 624 plakal\u0131 Citroen marka hafif ticari ara\u00e7 kav\u015fakta \u00e7arp\u0131\u015ft\u0131. \u00c7arp\u0131\u015fma sonucu trakt\u00f6re ba\u011fl\u0131 kasa devrilirken kazada trakt\u00f6r s\u00fcr\u00fcc\u00fcs\u00fc Celal E. ve trakt\u00f6rde yolcu olarak bulunan Fatma E. (94), Ya\u015far \u00d6. (58) ile otomobil s\u00fcr\u00fcc\u00fcs\u00fc Fatih M.K. ve hafif ticari ara\u00e7ta yolcu olarak bulunan \u015eule K. (28), Meyrem K. (8), Esma K. (6) yaraland\u0131.<br \/>\n<br \/>\u00c7evredekilerin 112 Acil \u00c7a\u011fr\u0131 Merkezine ihbar\u0131 \u00fczerine b\u00f6lgeye \u00e7ok say\u0131da sa\u011fl\u0131k, itfaiye ve polis ekipleri sevk edildi. Olay yerine gelen sa\u011fl\u0131k ekiplerinin ilk m\u00fcdahalesinin ard\u0131ndan yaral\u0131lar ambulanslar ile G\u00f6lhisar Devlet Hastanesi\u2019ne kald\u0131r\u0131ld\u0131. Devrilen trakt\u00f6r kasas\u0131 ise \u00e7evredekilerin yard\u0131m\u0131yla kald\u0131r\u0131larak yol kenar\u0131na \u00e7ekildi.<\/p>\n<p>Kaza an\u0131 kameraya yans\u0131d\u0131<br \/>\n<br \/>Kav\u015fakta meydana gelen kazan\u0131n g\u00f6r\u00fcnt\u00fcleri yak\u0131nlarda bulunan bir ikametteki g\u00fcvenlik kameras\u0131na an be an yans\u0131d\u0131. Kazada kontrols\u00fcz \u015fekilde kav\u015fa\u011fa giren iki arac\u0131nda \u00e7arp\u0131\u015ft\u0131\u011f\u0131 ve trakt\u00f6r kasas\u0131n\u0131n devrildi\u011fi g\u00f6r\u00fcld\u00fc. Kaza ile ilgili inceleme ba\u015flat\u0131ld\u0131.<br \/><\/p>\n","protected":false},"excerpt":{"rendered":"<p>Burdur\u2019un G\u00f6lhisar il\u00e7esinde hafif ticari ara\u00e7 ile trakt\u00f6r\u00fcn \u00e7arp\u0131\u015fmas\u0131 sonucu meydana gelen kazada 7 ki\u015fi yaraland\u0131. Kaza, G\u00f6lhisar il\u00e7esinde Merkezcami Mahallesi Mehmet Akif Ersoy Bulvar\u0131 \u00fczerinde meydana geldi. Edinilen bilgilere g\u00f6re, Celal E. (58) idaresindeki 15 HE 720 plakal\u0131 trakt\u00f6r ile Fatih M.K. (32) idaresindeki 34 NJU 624 plakal\u0131 Citroen marka hafif ticari ara\u00e7 kav\u015fakta&#8230;<\/p>\n","protected":false},"author":1,"featured_media":45494,"comment_status":"open","ping_status":"open","sticky":false,"template":"","format":"standard","meta":{"_crdt_document":"","footnotes":""},"categories":[5],"tags":[],"class_list":["post-45493","post","type-post","status-publish","format-standard","has-post-thumbnail","hentry","category-asayis"],"_links":{"self":[{"href":"https:\/\/www.egemtv.com\/index.php?rest_route=\/wp\/v2\/posts\/45493","targetHints":{"allow":["GET"]}}],"collection":[{"href":"https:\/\/www.egemtv.com\/index.php?rest_route=\/wp\/v2\/posts"}],"about":[{"href":"https:\/\/www.egemtv.com\/index.php?rest_route=\/wp\/v2\/types\/post"}],"author":[{"embeddable":true,"href":"https:\/\/www.egemtv.com\/index.php?rest_route=\/wp\/v2\/users\/1"}],"replies":[{"embeddable":true,"href":"https:\/\/www.egemtv.com\/index.php?rest_route=%2Fwp%2Fv2%2Fcomments&post=45493"}],"version-history":[{"count":1,"href":"https:\/\/www.egemtv.com\/index.php?rest_route=\/wp\/v2\/posts\/45493\/revisions"}],"predecessor-version":[{"id":45495,"href":"https:\/\/www.egemtv.com\/index.php?rest_route=\/wp\/v2\/posts\/45493\/revisions\/45495"}],"wp:featuredmedia":[{"embeddable":true,"href":"https:\/\/www.egemtv.com\/index.php?rest_route=\/wp\/v2\/media\/45494"}],"wp:attachment":[{"href":"https:\/\/www.egemtv.com\/index.php?rest_route=%2Fwp%2Fv2%2Fmedia&parent=45493"}],"wp:term":[{"taxonomy":"category","embeddable":true,"href":"https:\/\/www.egemtv.com\/index.php?rest_route=%2Fwp%2Fv2%2Fcategories&post=45493"},{"taxonomy":"post_tag","embeddable":true,"href":"https:\/\/www.egemtv.com\/index.php?rest_route=%2Fwp%2Fv2%2Ftags&post=45493"}],"curies":[{"name":"wp","href":"https:\/\/api.w.org\/{rel}","templated":true}]}}