{"id":45490,"date":"2025-07-29T19:54:40","date_gmt":"2025-07-29T16:54:40","guid":{"rendered":"https:\/\/www.egemtv.com\/?p=45490"},"modified":"2025-07-29T19:54:41","modified_gmt":"2025-07-29T16:54:41","slug":"bozdogan-belediyesi-yesilcam-mahallesinde-calismalara-devam-ediyor","status":"publish","type":"post","link":"https:\/\/www.egemtv.com\/?p=45490","title":{"rendered":"Bozdo\u011fan Belediyesi Ye\u015fil\u00e7am mahallesinde \u00e7al\u0131\u015fmalara devam ediyor"},"content":{"rendered":"<p>Bozdo\u011fan Belediyesi, k\u0131rsal mahallelerde uzun y\u0131llard\u0131r ihmal edilmi\u015f yollar\u0131 modern ve konforlu bir yap\u0131ya kavu\u015fturmak amac\u0131yla ba\u015flatt\u0131\u011f\u0131 kilit parke ta\u015f\u0131 d\u00f6\u015feme \u00e7al\u0131\u015fmalar\u0131n\u0131 aral\u0131ks\u0131z s\u00fcrd\u00fcr\u00fcyor. Bu kapsamda Ye\u015fil\u00e7am Mahallesi\u2019nde y\u00fcr\u00fct\u00fclen yol d\u00fczenleme \u00e7al\u0131\u015fmalar\u0131yla yakla\u015f\u0131k 5 bin metrekarelik alanda kilit parke ta\u015f\u0131 d\u00f6\u015femesi yap\u0131l\u0131yor.<br \/>\n<br \/>Mahalle sakinlerinin \u00f6zellikle k\u0131\u015f aylar\u0131nda \u00e7amurdan, yaz aylar\u0131nda ise tozdan b\u00fcy\u00fck \u00f6l\u00e7\u00fcde etkilendi\u011fi yollar, Bozdo\u011fan Belediyesi\u2019nin \u00e7al\u0131\u015fmalar\u0131yla art\u0131k modern bir g\u00f6r\u00fcn\u00fcme kavu\u015fuyor. Vatanda\u015flar\u0131n ula\u015f\u0131m\u0131n\u0131 kolayla\u015ft\u0131rmak, ya\u015fam kalitesini art\u0131rmak amac\u0131yla ger\u00e7ekle\u015ftirilen bu hizmet, mahallede b\u00fcy\u00fck memnuniyetle kar\u015f\u0131land\u0131.<br \/>\n<br \/>\u00c7al\u0131\u015fmalar\u0131n tamamlanmas\u0131yla birlikte Ye\u015fil\u00e7am Mahallesi sakinleri daha g\u00fcvenli ve konforlu yollara kavu\u015furken, Mahalle Muhtar\u0131 Kamil Kozan yap\u0131lan hizmetlerden dolay\u0131 Bozdo\u011fan Belediye Ba\u015fkan\u0131 Galip \u00d6zele yap\u0131lan hizmetler i\u00e7in te\u015fekk\u00fcr etti.<br \/>\n<br \/>Bozdo\u011fan Belediye Ba\u015fkan\u0131 Mustafa Galip \u00d6zel il\u00e7enin d\u00f6rt bir yan\u0131nda \u00e7al\u0131\u015fmalar\u0131n s\u00fcrd\u00fc\u011f\u00fcn\u00fc belirterek, &#8220;Bozdo\u011fan\u2019\u0131m\u0131z\u0131n t\u00fcm mahallelerinde belirledi\u011fimiz plan ve program \u00e7er\u00e7evesinde yol ve \u00fcstyap\u0131 \u00e7al\u0131\u015fmalar\u0131m\u0131z\u0131 s\u00fcrd\u00fcr\u00fcyoruz. Ye\u015fil\u00e7am Mahallemizde ba\u015flatt\u0131\u011f\u0131m\u0131z kilitli parke ta\u015f\u0131 d\u00f6\u015feme \u00e7al\u0131\u015fmas\u0131 da bu kapsamda y\u00fcr\u00fctt\u00fc\u011f\u00fcm\u00fcz \u00f6nemli \u00e7al\u0131\u015fmalardan biri. Vatanda\u015flar\u0131m\u0131z\u0131n ya\u015fam\u0131n\u0131 kolayla\u015ft\u0131racak hizmetleri bir bir hayata ge\u00e7irmeye devam edece\u011fiz&#8221; dedi.<br \/><\/p>\n","protected":false},"excerpt":{"rendered":"<p>Bozdo\u011fan Belediyesi, k\u0131rsal mahallelerde uzun y\u0131llard\u0131r ihmal edilmi\u015f yollar\u0131 modern ve konforlu bir yap\u0131ya kavu\u015fturmak amac\u0131yla ba\u015flatt\u0131\u011f\u0131 kilit parke ta\u015f\u0131 d\u00f6\u015feme \u00e7al\u0131\u015fmalar\u0131n\u0131 aral\u0131ks\u0131z s\u00fcrd\u00fcr\u00fcyor. Bu kapsamda Ye\u015fil\u00e7am Mahallesi\u2019nde y\u00fcr\u00fct\u00fclen yol d\u00fczenleme \u00e7al\u0131\u015fmalar\u0131yla yakla\u015f\u0131k 5 bin metrekarelik alanda kilit parke ta\u015f\u0131 d\u00f6\u015femesi yap\u0131l\u0131yor. Mahalle sakinlerinin \u00f6zellikle k\u0131\u015f aylar\u0131nda \u00e7amurdan, yaz aylar\u0131nda ise tozdan b\u00fcy\u00fck \u00f6l\u00e7\u00fcde etkilendi\u011fi&#8230;<\/p>\n","protected":false},"author":1,"featured_media":45491,"comment_status":"open","ping_status":"open","sticky":false,"template":"","format":"standard","meta":{"_crdt_document":"","footnotes":""},"categories":[1],"tags":[],"class_list":["post-45490","post","type-post","status-publish","format-standard","has-post-thumbnail","hentry","category-guncel"],"_links":{"self":[{"href":"https:\/\/www.egemtv.com\/index.php?rest_route=\/wp\/v2\/posts\/45490","targetHints":{"allow":["GET"]}}],"collection":[{"href":"https:\/\/www.egemtv.com\/index.php?rest_route=\/wp\/v2\/posts"}],"about":[{"href":"https:\/\/www.egemtv.com\/index.php?rest_route=\/wp\/v2\/types\/post"}],"author":[{"embeddable":true,"href":"https:\/\/www.egemtv.com\/index.php?rest_route=\/wp\/v2\/users\/1"}],"replies":[{"embeddable":true,"href":"https:\/\/www.egemtv.com\/index.php?rest_route=%2Fwp%2Fv2%2Fcomments&post=45490"}],"version-history":[{"count":1,"href":"https:\/\/www.egemtv.com\/index.php?rest_route=\/wp\/v2\/posts\/45490\/revisions"}],"predecessor-version":[{"id":45492,"href":"https:\/\/www.egemtv.com\/index.php?rest_route=\/wp\/v2\/posts\/45490\/revisions\/45492"}],"wp:featuredmedia":[{"embeddable":true,"href":"https:\/\/www.egemtv.com\/index.php?rest_route=\/wp\/v2\/media\/45491"}],"wp:attachment":[{"href":"https:\/\/www.egemtv.com\/index.php?rest_route=%2Fwp%2Fv2%2Fmedia&parent=45490"}],"wp:term":[{"taxonomy":"category","embeddable":true,"href":"https:\/\/www.egemtv.com\/index.php?rest_route=%2Fwp%2Fv2%2Fcategories&post=45490"},{"taxonomy":"post_tag","embeddable":true,"href":"https:\/\/www.egemtv.com\/index.php?rest_route=%2Fwp%2Fv2%2Ftags&post=45490"}],"curies":[{"name":"wp","href":"https:\/\/api.w.org\/{rel}","templated":true}]}}