{"id":45487,"date":"2025-07-29T19:54:39","date_gmt":"2025-07-29T16:54:39","guid":{"rendered":"https:\/\/www.egemtv.com\/?p=45487"},"modified":"2025-07-29T19:54:40","modified_gmt":"2025-07-29T16:54:40","slug":"fedakar-dayi-kardesinin-emanetine-sahip-cikti-arin-erkeklige-adim-atti","status":"publish","type":"post","link":"https:\/\/www.egemtv.com\/?p=45487","title":{"rendered":"Fedakar day\u0131, karde\u015finin emanetine sahip \u00e7\u0131kt\u0131; Ar\u0131n erkekli\u011fe ad\u0131m att\u0131"},"content":{"rendered":"<p>Ayd\u0131n\u2019\u0131n Karacasu il\u00e7esinde d\u00fczenlenen s\u00fcnnet d\u00fc\u011f\u00fcn\u00fcnde h\u00fcz\u00fcn ve sevin\u00e7 bir arada ya\u015fand\u0131. \u0130l\u00e7ede ya\u015fayan Ali \u00d6ztekin, anne ve babas\u0131n\u0131 1.5 y\u0131l arayla kaybeden ye\u011feni Ar\u0131n Arabay\u2019\u0131n annesinin sa\u011fl\u0131\u011f\u0131nda 3 kez ertelenen s\u00fcnnet d\u00fc\u011f\u00fcn\u00fcn\u00fc yapt\u0131. Ar\u0131n\u2019\u0131n s\u00fcnnet d\u00fc\u011f\u00fcn\u00fcn\u00fcn babas\u0131n\u0131n vefat etti\u011fi tarihe denk gelmesi d\u00fc\u011f\u00fcnde sevin\u00e7 ve h\u00fczn\u00fcn bir arada ya\u015fanmas\u0131na neden oldu.<br \/>\n<br \/>Edinilen bilgiye g\u00f6re; Bal\u0131kesir G\u00f6nen\u2019de ya\u015fayan Ayd\u0131n-G\u00fcnayd\u0131n Arabay \u00e7iftinin Armin ve Ar\u0131n adl\u0131 2 \u00e7ocuklar\u0131 oldu. Arabay \u00c7ifti, o\u011fullar\u0131 Ar\u0131n\u2019\u0131n m\u00fcr\u00fcvvetini g\u00f6rmek i\u00e7in s\u00fcnnet d\u00fc\u011f\u00fcn\u00fc tertip etti. Ancak s\u00fcnnet hekim tavsiyesi ile ertelendi.  Ancak k\u0131sa s\u00fcre sonra \u00f6nce Baba Ayd\u0131n Arabay, sonra da Anne G\u00fcnayd\u0131n Arabay hayatlar\u0131n\u0131 kaybetti. Abla Armin ile karde\u015fi Ar\u0131n k\u00fc\u00e7\u00fck ya\u015fta yetim ve \u00f6ks\u00fcz kald\u0131.<br \/>\n<br \/>Abla Armin\u2019in velayetini Kocaeli\u2019nde ya\u015fayan halas\u0131 al\u0131rken  Ar\u0131n\u2019\u0131n velayetini de Karacasu\u2019da ya\u015fayan day\u0131s\u0131 Ali \u00d6ztekin ald\u0131.<br \/>\n<br \/>Sa\u011fl\u0131k sorunlar\u0131 nedeniyle ertelenen s\u00fcnnet d\u00fc\u011f\u00fcn\u00fcn\u00fc day\u0131s\u0131 yapt\u0131<br \/>\n<br \/>Ali \u00d6ztekin, vefat eden karde\u015fi G\u00fcnayd\u0131n\u2019\u0131n emaneti olan ye\u011feni Ar\u0131n\u2019\u0131n ertelenen s\u00fcnnet d\u00fc\u011f\u00fcn\u00fcn\u00fc ger\u00e7ekle\u015ftirerek karde\u015finin murad\u0131n\u0131 yerine getirdi. 10 ya\u015f\u0131ndaki Ar\u0131n, day\u0131s\u0131 taraf\u0131ndan yap\u0131lan s\u00fcnnet d\u00fc\u011f\u00fcn\u00fcnde ablas\u0131 Armin ve akrabalar\u0131 ile unutamayaca\u011f\u0131 bir g\u00fcn ya\u015fad\u0131.<br \/>\n<br \/>&#8220;Sevin\u00e7 ve h\u00fczn\u00fc bir arada ya\u015fad\u0131k&#8221;<br \/>\n<br \/>Ye\u011fenine kendi \u00f6z evlad\u0131 gibi s\u00fcnnet d\u00fc\u011f\u00fcn\u00fc yapan Ali-Ay\u015fe \u00d6ztekin \u00e7iftinin bu anlaml\u0131 davran\u0131\u015f\u0131 herkesin takdirini toplarken d\u00fc\u011f\u00fcnde sevin\u00e7 ve h\u00fcz\u00fcn bir arada ya\u015fand\u0131. Kat\u0131l\u0131m\u0131n olduk\u00e7a yo\u011fun oldu\u011fu d\u00fc\u011f\u00fcnde 10 ya\u015f\u0131ndaki Ar\u0131n Arabay, erkekli\u011fe ilk ad\u0131m\u0131 atm\u0131\u015f oldu.<br \/>\n<br \/>&#8220;Karde\u015fim bu g\u00fcn\u00fc g\u00f6rmeyi \u00e7ok istiyordu nasip olmad\u0131&#8221;<br \/>\n<br \/>Ar\u0131n ve Armin\u2019in gen\u00e7 ya\u015fta hayat\u0131n\u0131 kaybeden karde\u015fi G\u00fcnayd\u0131n\u2019\u0131n emaneti oldu\u011funu belirten teyze G\u00fclay \u00d6ztekin, sa\u011fl\u0131k sorunlar\u0131 nedeniyle ertelenen bu mutlulu\u011fu erkek karde\u015finin tertipledi\u011fi d\u00fc\u011f\u00fcn ile ya\u015fad\u0131klar\u0131n\u0131 belirtti. \u00d6ztekin, &#8220;Rahmetli karde\u015fim G\u00fcnayd\u0131n ve e\u015fi Ayd\u0131n, bu d\u00fc\u011f\u00fcn\u00fc sa\u011fl\u0131klar\u0131nda yapmay\u0131 \u00e7ok istediler. Hatta rahmetli karde\u015fim \u00f6lmeden \u00f6nce bir ka\u00e7 defa s\u00fcnnet d\u00fc\u011f\u00fcn\u00fc yapmak i\u00e7in organizasyon d\u00fczenledi. D\u00fc\u011f\u00fcn\u00fcn davetiyeleri bile da\u011f\u0131t\u0131lm\u0131\u015ft\u0131. Ancak doktorlar\u0131 sa\u011fl\u0131k sorunlar\u0131ndan dolay\u0131 s\u00fcnnet d\u00fc\u011f\u00fcn\u00fc yapmalar\u0131na uygun bulmad\u0131. Bu nedenle d\u00fc\u011f\u00fcn ertelenmi\u015fti. Bu mutlu g\u00fcn\u00fc g\u00f6rmelerini \u00e7ok isterdik. Ancak Allah b\u00f6yle takdir etmi\u015f, nasip olmad\u0131. Rahmetli karde\u015fim ve damad\u0131m\u0131z\u0131n murad\u0131n\u0131 karde\u015fim Ali \u00d6ztekin ve gelinimiz Ay\u015fe \u00d6ztekin, b\u00fcy\u00fck bir fedakarl\u0131k g\u00f6stererek yerine getirmi\u015f oldu. Kendilerine m\u00fcte\u015fekkiriz. Ye\u011fenlerimin sa\u011fl\u0131kl\u0131 ve mutlu olduklar\u0131n\u0131 g\u00f6rmek bizim en b\u00fcy\u00fck sevin\u00e7 kayna\u011f\u0131m\u0131z&#8221; diye konu\u015ftu.<br \/><\/p>\n","protected":false},"excerpt":{"rendered":"<p>Ayd\u0131n\u2019\u0131n Karacasu il\u00e7esinde d\u00fczenlenen s\u00fcnnet d\u00fc\u011f\u00fcn\u00fcnde h\u00fcz\u00fcn ve sevin\u00e7 bir arada ya\u015fand\u0131. \u0130l\u00e7ede ya\u015fayan Ali \u00d6ztekin, anne ve babas\u0131n\u0131 1.5 y\u0131l arayla kaybeden ye\u011feni Ar\u0131n Arabay\u2019\u0131n annesinin sa\u011fl\u0131\u011f\u0131nda 3 kez ertelenen s\u00fcnnet d\u00fc\u011f\u00fcn\u00fcn\u00fc yapt\u0131. Ar\u0131n\u2019\u0131n s\u00fcnnet d\u00fc\u011f\u00fcn\u00fcn\u00fcn babas\u0131n\u0131n vefat etti\u011fi tarihe denk gelmesi d\u00fc\u011f\u00fcnde sevin\u00e7 ve h\u00fczn\u00fcn bir arada ya\u015fanmas\u0131na neden oldu. Edinilen bilgiye g\u00f6re;&#8230;<\/p>\n","protected":false},"author":1,"featured_media":45488,"comment_status":"open","ping_status":"open","sticky":false,"template":"","format":"standard","meta":{"_crdt_document":"","footnotes":""},"categories":[123],"tags":[],"class_list":["post-45487","post","type-post","status-publish","format-standard","has-post-thumbnail","hentry","category-gundem"],"_links":{"self":[{"href":"https:\/\/www.egemtv.com\/index.php?rest_route=\/wp\/v2\/posts\/45487","targetHints":{"allow":["GET"]}}],"collection":[{"href":"https:\/\/www.egemtv.com\/index.php?rest_route=\/wp\/v2\/posts"}],"about":[{"href":"https:\/\/www.egemtv.com\/index.php?rest_route=\/wp\/v2\/types\/post"}],"author":[{"embeddable":true,"href":"https:\/\/www.egemtv.com\/index.php?rest_route=\/wp\/v2\/users\/1"}],"replies":[{"embeddable":true,"href":"https:\/\/www.egemtv.com\/index.php?rest_route=%2Fwp%2Fv2%2Fcomments&post=45487"}],"version-history":[{"count":1,"href":"https:\/\/www.egemtv.com\/index.php?rest_route=\/wp\/v2\/posts\/45487\/revisions"}],"predecessor-version":[{"id":45489,"href":"https:\/\/www.egemtv.com\/index.php?rest_route=\/wp\/v2\/posts\/45487\/revisions\/45489"}],"wp:featuredmedia":[{"embeddable":true,"href":"https:\/\/www.egemtv.com\/index.php?rest_route=\/wp\/v2\/media\/45488"}],"wp:attachment":[{"href":"https:\/\/www.egemtv.com\/index.php?rest_route=%2Fwp%2Fv2%2Fmedia&parent=45487"}],"wp:term":[{"taxonomy":"category","embeddable":true,"href":"https:\/\/www.egemtv.com\/index.php?rest_route=%2Fwp%2Fv2%2Fcategories&post=45487"},{"taxonomy":"post_tag","embeddable":true,"href":"https:\/\/www.egemtv.com\/index.php?rest_route=%2Fwp%2Fv2%2Ftags&post=45487"}],"curies":[{"name":"wp","href":"https:\/\/api.w.org\/{rel}","templated":true}]}}