{"id":45451,"date":"2025-07-29T17:15:12","date_gmt":"2025-07-29T14:15:12","guid":{"rendered":"https:\/\/www.egemtv.com\/?p=45451"},"modified":"2025-07-29T17:15:13","modified_gmt":"2025-07-29T14:15:13","slug":"incirliovada-halk-egitim-planlama-ve-isbirligi-toplantisi-gerceklestirildi","status":"publish","type":"post","link":"https:\/\/www.egemtv.com\/?p=45451","title":{"rendered":"\u0130ncirliova\u2019da Halk E\u011fitim Planlama ve \u0130\u015fbirli\u011fi Toplant\u0131s\u0131 ger\u00e7ekle\u015ftirildi"},"content":{"rendered":"<p>Ayd\u0131n\u2019\u0131n \u0130ncirliova il\u00e7esinde 2025-2026 E\u011fitim \u00d6\u011fretim Y\u0131l\u0131 \u0130l\u00e7e Hayat Boyu \u00d6\u011frenme Halk E\u011fitim Planlama ve \u0130\u015fbirli\u011fi Komisyonu Toplant\u0131s\u0131 ger\u00e7ekle\u015ftirildi.<\/p>\n<p>\u0130ncirliova Kaymakam\u0131 \u0130lhan Abay ba\u015fkanl\u0131\u011f\u0131nda yap\u0131lan toplant\u0131ya, \u0130ncirliova Belediye Ba\u015fkan\u0131 Aytekin Kaya, \u0130l\u00e7e Emniyet M\u00fcd\u00fcr\u00fc Taner K\u0131l\u0131\u00e7, \u0130l\u00e7e Jandarma Komutan\u0131 M\u00fcsl\u00fcm G\u00fc\u00e7tekin, kamu kurum m\u00fcd\u00fcrleri ve \u015fube m\u00fcd\u00fcrleri kat\u0131ld\u0131. Yeni e\u011fitim-\u00f6\u011fretim y\u0131l\u0131 \u00f6ncesi il\u00e7edeki halk e\u011fitimi faaliyetlerinin planland\u0131\u011f\u0131 toplant\u0131da kurumlar aras\u0131 i\u015fbirli\u011fi vurguland\u0131. Toplant\u0131da, il\u00e7ede a\u00e7\u0131lmas\u0131 planlanan kurslar, halk e\u011fitimi faaliyetlerinin kapsam\u0131 ve s\u00fcrd\u00fcr\u00fclebilirli\u011fi hakk\u0131nda g\u00f6r\u00fc\u015f al\u0131\u015fveri\u015finde bulunuldu.<\/p>\n<p>Toplant\u0131 sonras\u0131 a\u00e7\u0131klama yapan \u0130ncirliova Belediye Ba\u015fkan\u0131 Aytekin Kaya, e\u011fitime desteklerinin s\u00fcrece\u011fini belirterek, &#8220;E\u011fitim alan\u0131nda at\u0131lacak her ad\u0131m\u0131n \u0130ncirliova Belediyesi olarak destek\u00e7isi olmaya devam edece\u011fiz. Yeni e\u011fitim-\u00f6\u011fretim y\u0131l\u0131nda t\u00fcm kursiyerlerimize, e\u011fitimcilerimize ve kurumlar\u0131m\u0131za ba\u015far\u0131lar diliyorum&#8221; dedi.<br \/><\/p>\n","protected":false},"excerpt":{"rendered":"<p>Ayd\u0131n\u2019\u0131n \u0130ncirliova il\u00e7esinde 2025-2026 E\u011fitim \u00d6\u011fretim Y\u0131l\u0131 \u0130l\u00e7e Hayat Boyu \u00d6\u011frenme Halk E\u011fitim Planlama ve \u0130\u015fbirli\u011fi Komisyonu Toplant\u0131s\u0131 ger\u00e7ekle\u015ftirildi. \u0130ncirliova Kaymakam\u0131 \u0130lhan Abay ba\u015fkanl\u0131\u011f\u0131nda yap\u0131lan toplant\u0131ya, \u0130ncirliova Belediye Ba\u015fkan\u0131 Aytekin Kaya, \u0130l\u00e7e Emniyet M\u00fcd\u00fcr\u00fc Taner K\u0131l\u0131\u00e7, \u0130l\u00e7e Jandarma Komutan\u0131 M\u00fcsl\u00fcm G\u00fc\u00e7tekin, kamu kurum m\u00fcd\u00fcrleri ve \u015fube m\u00fcd\u00fcrleri kat\u0131ld\u0131. Yeni e\u011fitim-\u00f6\u011fretim y\u0131l\u0131 \u00f6ncesi il\u00e7edeki halk e\u011fitimi&#8230;<\/p>\n","protected":false},"author":1,"featured_media":45452,"comment_status":"open","ping_status":"open","sticky":false,"template":"","format":"standard","meta":{"_crdt_document":"","footnotes":""},"categories":[1],"tags":[],"class_list":["post-45451","post","type-post","status-publish","format-standard","has-post-thumbnail","hentry","category-guncel"],"_links":{"self":[{"href":"https:\/\/www.egemtv.com\/index.php?rest_route=\/wp\/v2\/posts\/45451","targetHints":{"allow":["GET"]}}],"collection":[{"href":"https:\/\/www.egemtv.com\/index.php?rest_route=\/wp\/v2\/posts"}],"about":[{"href":"https:\/\/www.egemtv.com\/index.php?rest_route=\/wp\/v2\/types\/post"}],"author":[{"embeddable":true,"href":"https:\/\/www.egemtv.com\/index.php?rest_route=\/wp\/v2\/users\/1"}],"replies":[{"embeddable":true,"href":"https:\/\/www.egemtv.com\/index.php?rest_route=%2Fwp%2Fv2%2Fcomments&post=45451"}],"version-history":[{"count":1,"href":"https:\/\/www.egemtv.com\/index.php?rest_route=\/wp\/v2\/posts\/45451\/revisions"}],"predecessor-version":[{"id":45453,"href":"https:\/\/www.egemtv.com\/index.php?rest_route=\/wp\/v2\/posts\/45451\/revisions\/45453"}],"wp:featuredmedia":[{"embeddable":true,"href":"https:\/\/www.egemtv.com\/index.php?rest_route=\/wp\/v2\/media\/45452"}],"wp:attachment":[{"href":"https:\/\/www.egemtv.com\/index.php?rest_route=%2Fwp%2Fv2%2Fmedia&parent=45451"}],"wp:term":[{"taxonomy":"category","embeddable":true,"href":"https:\/\/www.egemtv.com\/index.php?rest_route=%2Fwp%2Fv2%2Fcategories&post=45451"},{"taxonomy":"post_tag","embeddable":true,"href":"https:\/\/www.egemtv.com\/index.php?rest_route=%2Fwp%2Fv2%2Ftags&post=45451"}],"curies":[{"name":"wp","href":"https:\/\/api.w.org\/{rel}","templated":true}]}}