{"id":45448,"date":"2025-07-29T16:55:57","date_gmt":"2025-07-29T13:55:57","guid":{"rendered":"https:\/\/www.egemtv.com\/?p=45448"},"modified":"2025-07-29T16:55:58","modified_gmt":"2025-07-29T13:55:58","slug":"koycegizde-orman-sehidi-akdemir-icin-lokma-hayri-yapildi","status":"publish","type":"post","link":"https:\/\/www.egemtv.com\/?p=45448","title":{"rendered":"K\u00f6yce\u011fiz\u2019de orman \u015fehidi Akdemir i\u00e7in lokma hayr\u0131 yap\u0131ld\u0131"},"content":{"rendered":"<p>Mu\u011fla\u2019n\u0131n K\u00f6yce\u011fiz il\u00e7esinde orman \u015fehidi \u015eahin Akdemir ve t\u00fcm orman \u015fehitleri i\u00e7in lokma hayr\u0131 yap\u0131ld\u0131.<\/p>\n<p>Marmaris il\u00e7esinde 29 Temmuz 2021 y\u0131l\u0131nda \u00e7\u0131kan b\u00fcy\u00fck orman yang\u0131n\u0131nda orman s\u00f6nd\u00fcrme \u00e7al\u0131\u015fmalar\u0131nda g\u00f6n\u00fcll\u00fc olarak g\u00f6rev yaparken kaza yaparak hayat\u0131n\u0131 kaybeden \u015eahin Akdemir i\u00e7in K\u00f6yce\u011fiz Orman \u0130\u015fletme M\u00fcd\u00fcrl\u00fc\u011f\u00fc \u00f6n\u00fcnde lokma hayr\u0131 yap\u0131ld\u0131. B\u00fcy\u00fck Marmaris yang\u0131nlar\u0131n\u0131n d\u00f6rd\u00fcnc\u00fc y\u0131ld\u00f6n\u00fcm\u00fcnde motosikleti ile g\u00f6n\u00fcll\u00fc olarak orman yang\u0131n\u0131 s\u00f6nd\u00fcrme ekiplerine su ta\u015f\u0131d\u0131\u011f\u0131 s\u0131rada kaza ge\u00e7irerek 24 ya\u015f\u0131nda hayat\u0131n\u0131 kaybeden \u015eahin Akdemir i\u00e7in K\u00f6yce\u011fiz Orman \u0130\u015fletme M\u00fcd\u00fcrl\u00fc\u011f\u00fc\u2019nde g\u00f6rev yapan ormanc\u0131lar taraf\u0131ndan lokma da\u011f\u0131t\u0131ld\u0131. K\u00f6yce\u011fiz Orman \u0130\u015fletme M\u00fcd\u00fcrl\u00fc\u011f\u00fc taraf\u0131ndan d\u00fczenlenen hay\u0131r etkinli\u011fine, K\u00f6yce\u011fiz Kaymakam\u0131 Mert Kumcu, il\u00e7e protokol\u00fc ve vatanda\u015flar kat\u0131ld\u0131.<\/p>\n<p>Kaymakam Kumcu, &#8220;\u015eehidimiz \u015eahin Akdemir ve ye\u015fil vatan\u0131m\u0131z\u0131 korumaya \u00e7al\u0131\u015f\u0131rken vefat eden t\u00fcm \u015fehitlerimizi rahmet ve minnetle an\u0131yoruz.&#8221; dedi.<br \/><\/p>\n","protected":false},"excerpt":{"rendered":"<p>Mu\u011fla\u2019n\u0131n K\u00f6yce\u011fiz il\u00e7esinde orman \u015fehidi \u015eahin Akdemir ve t\u00fcm orman \u015fehitleri i\u00e7in lokma hayr\u0131 yap\u0131ld\u0131. Marmaris il\u00e7esinde 29 Temmuz 2021 y\u0131l\u0131nda \u00e7\u0131kan b\u00fcy\u00fck orman yang\u0131n\u0131nda orman s\u00f6nd\u00fcrme \u00e7al\u0131\u015fmalar\u0131nda g\u00f6n\u00fcll\u00fc olarak g\u00f6rev yaparken kaza yaparak hayat\u0131n\u0131 kaybeden \u015eahin Akdemir i\u00e7in K\u00f6yce\u011fiz Orman \u0130\u015fletme M\u00fcd\u00fcrl\u00fc\u011f\u00fc \u00f6n\u00fcnde lokma hayr\u0131 yap\u0131ld\u0131. B\u00fcy\u00fck Marmaris yang\u0131nlar\u0131n\u0131n d\u00f6rd\u00fcnc\u00fc y\u0131ld\u00f6n\u00fcm\u00fcnde motosikleti ile g\u00f6n\u00fcll\u00fc&#8230;<\/p>\n","protected":false},"author":1,"featured_media":45449,"comment_status":"open","ping_status":"open","sticky":false,"template":"","format":"standard","meta":{"_crdt_document":"","footnotes":""},"categories":[1],"tags":[],"class_list":["post-45448","post","type-post","status-publish","format-standard","has-post-thumbnail","hentry","category-guncel"],"_links":{"self":[{"href":"https:\/\/www.egemtv.com\/index.php?rest_route=\/wp\/v2\/posts\/45448","targetHints":{"allow":["GET"]}}],"collection":[{"href":"https:\/\/www.egemtv.com\/index.php?rest_route=\/wp\/v2\/posts"}],"about":[{"href":"https:\/\/www.egemtv.com\/index.php?rest_route=\/wp\/v2\/types\/post"}],"author":[{"embeddable":true,"href":"https:\/\/www.egemtv.com\/index.php?rest_route=\/wp\/v2\/users\/1"}],"replies":[{"embeddable":true,"href":"https:\/\/www.egemtv.com\/index.php?rest_route=%2Fwp%2Fv2%2Fcomments&post=45448"}],"version-history":[{"count":1,"href":"https:\/\/www.egemtv.com\/index.php?rest_route=\/wp\/v2\/posts\/45448\/revisions"}],"predecessor-version":[{"id":45450,"href":"https:\/\/www.egemtv.com\/index.php?rest_route=\/wp\/v2\/posts\/45448\/revisions\/45450"}],"wp:featuredmedia":[{"embeddable":true,"href":"https:\/\/www.egemtv.com\/index.php?rest_route=\/wp\/v2\/media\/45449"}],"wp:attachment":[{"href":"https:\/\/www.egemtv.com\/index.php?rest_route=%2Fwp%2Fv2%2Fmedia&parent=45448"}],"wp:term":[{"taxonomy":"category","embeddable":true,"href":"https:\/\/www.egemtv.com\/index.php?rest_route=%2Fwp%2Fv2%2Fcategories&post=45448"},{"taxonomy":"post_tag","embeddable":true,"href":"https:\/\/www.egemtv.com\/index.php?rest_route=%2Fwp%2Fv2%2Ftags&post=45448"}],"curies":[{"name":"wp","href":"https:\/\/api.w.org\/{rel}","templated":true}]}}