{"id":45436,"date":"2025-07-29T16:55:53","date_gmt":"2025-07-29T13:55:53","guid":{"rendered":"https:\/\/www.egemtv.com\/?p=45436"},"modified":"2025-07-29T16:55:54","modified_gmt":"2025-07-29T13:55:54","slug":"somali-miniklerden-filistine-anlamli-destek","status":"publish","type":"post","link":"https:\/\/www.egemtv.com\/?p=45436","title":{"rendered":"Somal\u0131 miniklerden Filistin\u2019e anlaml\u0131 destek"},"content":{"rendered":"<p>Soma \u0130l\u00e7e M\u00fcft\u00fcl\u00fc\u011f\u00fcne ba\u011fl\u0131 Hatice Hatun Erkam 4-6 Ya\u015f ve Yaz Kur\u2019an Kursu \u00f6\u011frencileri ile velileri taraf\u0131ndan Filistin\u2019deki mazlumlara destek olmak amac\u0131yla ba\u015flat\u0131lan yard\u0131m kampanyas\u0131nda toplanan 34 bin TL\u2019lik nakdi yard\u0131m, kurs y\u00f6neticileri taraf\u0131ndan T\u00fcrkiye Diyanet Vakf\u0131 Soma \u015eube Ba\u015fkan\u0131 Hasan H\u00fcseyin K\u0131l\u0131n\u00e7al\u2019a teslim etti.<br \/>\n<br \/>Kurs \u00f6\u011frencileri ve ailelerinin g\u00f6n\u00fcll\u00fc katk\u0131lar\u0131yla toplam 34 bin TL nakdi yard\u0131m topland\u0131. Toplanan yard\u0131m, kurs y\u00f6neticileri taraf\u0131ndan T\u00fcrkiye Diyanet Vakf\u0131 Soma \u015eube Ba\u015fkan\u0131 Hasan H\u00fcseyin K\u0131l\u0131n\u00e7al\u2019a teslim edildi.<br \/>\n<br \/>Kurs \u00f6\u011frencileri ve velileri taraf\u0131ndan ger\u00e7ekle\u015ftirilen ba\u011f\u0131\u015f, hem \u00f6\u011frencilerde k\u00fc\u00e7\u00fck ya\u015fta yard\u0131m bilincinin geli\u015fmesine katk\u0131 sa\u011flad\u0131 hem de Filistin halk\u0131na moral oldu. Yard\u0131ma katk\u0131 sunan t\u00fcm \u00f6\u011frenci ve velilere te\u015fekk\u00fcr eden yetkililer, &#8220;Allah hepsinden raz\u0131 olsun&#8221; dedi.<br \/><\/p>\n","protected":false},"excerpt":{"rendered":"<p>Soma \u0130l\u00e7e M\u00fcft\u00fcl\u00fc\u011f\u00fcne ba\u011fl\u0131 Hatice Hatun Erkam 4-6 Ya\u015f ve Yaz Kur\u2019an Kursu \u00f6\u011frencileri ile velileri taraf\u0131ndan Filistin\u2019deki mazlumlara destek olmak amac\u0131yla ba\u015flat\u0131lan yard\u0131m kampanyas\u0131nda toplanan 34 bin TL\u2019lik nakdi yard\u0131m, kurs y\u00f6neticileri taraf\u0131ndan T\u00fcrkiye Diyanet Vakf\u0131 Soma \u015eube Ba\u015fkan\u0131 Hasan H\u00fcseyin K\u0131l\u0131n\u00e7al\u2019a teslim etti. Kurs \u00f6\u011frencileri ve ailelerinin g\u00f6n\u00fcll\u00fc katk\u0131lar\u0131yla toplam 34 bin TL&#8230;<\/p>\n","protected":false},"author":1,"featured_media":45437,"comment_status":"open","ping_status":"open","sticky":false,"template":"","format":"standard","meta":{"_crdt_document":"","footnotes":""},"categories":[123],"tags":[],"class_list":["post-45436","post","type-post","status-publish","format-standard","has-post-thumbnail","hentry","category-gundem"],"_links":{"self":[{"href":"https:\/\/www.egemtv.com\/index.php?rest_route=\/wp\/v2\/posts\/45436","targetHints":{"allow":["GET"]}}],"collection":[{"href":"https:\/\/www.egemtv.com\/index.php?rest_route=\/wp\/v2\/posts"}],"about":[{"href":"https:\/\/www.egemtv.com\/index.php?rest_route=\/wp\/v2\/types\/post"}],"author":[{"embeddable":true,"href":"https:\/\/www.egemtv.com\/index.php?rest_route=\/wp\/v2\/users\/1"}],"replies":[{"embeddable":true,"href":"https:\/\/www.egemtv.com\/index.php?rest_route=%2Fwp%2Fv2%2Fcomments&post=45436"}],"version-history":[{"count":1,"href":"https:\/\/www.egemtv.com\/index.php?rest_route=\/wp\/v2\/posts\/45436\/revisions"}],"predecessor-version":[{"id":45438,"href":"https:\/\/www.egemtv.com\/index.php?rest_route=\/wp\/v2\/posts\/45436\/revisions\/45438"}],"wp:featuredmedia":[{"embeddable":true,"href":"https:\/\/www.egemtv.com\/index.php?rest_route=\/wp\/v2\/media\/45437"}],"wp:attachment":[{"href":"https:\/\/www.egemtv.com\/index.php?rest_route=%2Fwp%2Fv2%2Fmedia&parent=45436"}],"wp:term":[{"taxonomy":"category","embeddable":true,"href":"https:\/\/www.egemtv.com\/index.php?rest_route=%2Fwp%2Fv2%2Fcategories&post=45436"},{"taxonomy":"post_tag","embeddable":true,"href":"https:\/\/www.egemtv.com\/index.php?rest_route=%2Fwp%2Fv2%2Ftags&post=45436"}],"curies":[{"name":"wp","href":"https:\/\/api.w.org\/{rel}","templated":true}]}}