{"id":45433,"date":"2025-07-29T16:34:53","date_gmt":"2025-07-29T13:34:53","guid":{"rendered":"https:\/\/www.egemtv.com\/?p=45433"},"modified":"2025-07-29T16:34:54","modified_gmt":"2025-07-29T13:34:54","slug":"koycegizde-kuran-kursu-ogrencilerine-seminer-verildi","status":"publish","type":"post","link":"https:\/\/www.egemtv.com\/?p=45433","title":{"rendered":"K\u00f6yce\u011fiz\u2019de Kur\u2019an Kursu \u00f6\u011frencilerine seminer verildi"},"content":{"rendered":"<p>Mu\u011fla\u2019n\u0131n K\u00f6yce\u011fiz il\u00e7esinde M\u00fcft\u00fcl\u00fc\u011fe ba\u011fl\u0131 t\u00fcm Kur\u2019an Kurslar\u0131 ile camilerde yaz Kur\u2019an Kurslar\u0131na devam eden \u00f6\u011frenciler Kur\u2019an-\u0131 Kerim ile Dini Bilgileri \u00f6\u011frenmenin yan\u0131nda \u00e7e\u015fitli alanlarda seminerlerle de bilgilendiriliyor.<\/p>\n<p>K\u00f6yce\u011fiz M\u00fcft\u00fcl\u00fc\u011f\u00fc Gen\u00e7lik Koordinat\u00f6rl\u00fc\u011f\u00fc taraf\u0131ndan yaz Kur\u2019an Kurslar\u0131nda e\u011fitim g\u00f6ren \u00f6\u011frencilere teknoloji ba\u011f\u0131ml\u0131l\u0131\u011f\u0131 ve ailede mahremiyet e\u011fitimi seminerleri verildi. \u0130l\u00e7e vaizi Gen\u00e7lik Koordinat\u00f6r\u00fc Emine Okulu taraf\u0131ndan; Toparlar Kuran Kursu, Merkez Hac\u0131bey Camii, Merkez Molla Halil Camii ile Toparlar Merkez Camiinde yaz Kur\u2019an Kurslar\u0131na devam eden \u00f6\u011frencilere mahremiyet nedir?, mahremiyet neden gerekli?, birey mahremiyeti ve aile mahremiyeti ile teknoloji ba\u011f\u0131ml\u0131l\u0131\u011f\u0131 konular\u0131nda seminerler verildi. M\u00fcft\u00fcl\u00fckten yap\u0131lan a\u00e7\u0131klamada, &#8220;Milli ve manevi de\u011ferlerimizin anlat\u0131ld\u0131\u011f\u0131 e\u011fitim seminerleri yaz Kur\u2019an kurslar\u0131 s\u00fcresince devam edecektir&#8221; ifadeleri kullan\u0131ld\u0131.<br \/><\/p>\n","protected":false},"excerpt":{"rendered":"<p>Mu\u011fla\u2019n\u0131n K\u00f6yce\u011fiz il\u00e7esinde M\u00fcft\u00fcl\u00fc\u011fe ba\u011fl\u0131 t\u00fcm Kur\u2019an Kurslar\u0131 ile camilerde yaz Kur\u2019an Kurslar\u0131na devam eden \u00f6\u011frenciler Kur\u2019an-\u0131 Kerim ile Dini Bilgileri \u00f6\u011frenmenin yan\u0131nda \u00e7e\u015fitli alanlarda seminerlerle de bilgilendiriliyor. K\u00f6yce\u011fiz M\u00fcft\u00fcl\u00fc\u011f\u00fc Gen\u00e7lik Koordinat\u00f6rl\u00fc\u011f\u00fc taraf\u0131ndan yaz Kur\u2019an Kurslar\u0131nda e\u011fitim g\u00f6ren \u00f6\u011frencilere teknoloji ba\u011f\u0131ml\u0131l\u0131\u011f\u0131 ve ailede mahremiyet e\u011fitimi seminerleri verildi. \u0130l\u00e7e vaizi Gen\u00e7lik Koordinat\u00f6r\u00fc Emine Okulu taraf\u0131ndan; Toparlar&#8230;<\/p>\n","protected":false},"author":1,"featured_media":45434,"comment_status":"open","ping_status":"open","sticky":false,"template":"","format":"standard","meta":{"_crdt_document":"","footnotes":""},"categories":[1],"tags":[],"class_list":["post-45433","post","type-post","status-publish","format-standard","has-post-thumbnail","hentry","category-guncel"],"_links":{"self":[{"href":"https:\/\/www.egemtv.com\/index.php?rest_route=\/wp\/v2\/posts\/45433","targetHints":{"allow":["GET"]}}],"collection":[{"href":"https:\/\/www.egemtv.com\/index.php?rest_route=\/wp\/v2\/posts"}],"about":[{"href":"https:\/\/www.egemtv.com\/index.php?rest_route=\/wp\/v2\/types\/post"}],"author":[{"embeddable":true,"href":"https:\/\/www.egemtv.com\/index.php?rest_route=\/wp\/v2\/users\/1"}],"replies":[{"embeddable":true,"href":"https:\/\/www.egemtv.com\/index.php?rest_route=%2Fwp%2Fv2%2Fcomments&post=45433"}],"version-history":[{"count":1,"href":"https:\/\/www.egemtv.com\/index.php?rest_route=\/wp\/v2\/posts\/45433\/revisions"}],"predecessor-version":[{"id":45435,"href":"https:\/\/www.egemtv.com\/index.php?rest_route=\/wp\/v2\/posts\/45433\/revisions\/45435"}],"wp:featuredmedia":[{"embeddable":true,"href":"https:\/\/www.egemtv.com\/index.php?rest_route=\/wp\/v2\/media\/45434"}],"wp:attachment":[{"href":"https:\/\/www.egemtv.com\/index.php?rest_route=%2Fwp%2Fv2%2Fmedia&parent=45433"}],"wp:term":[{"taxonomy":"category","embeddable":true,"href":"https:\/\/www.egemtv.com\/index.php?rest_route=%2Fwp%2Fv2%2Fcategories&post=45433"},{"taxonomy":"post_tag","embeddable":true,"href":"https:\/\/www.egemtv.com\/index.php?rest_route=%2Fwp%2Fv2%2Ftags&post=45433"}],"curies":[{"name":"wp","href":"https:\/\/api.w.org\/{rel}","templated":true}]}}