{"id":45430,"date":"2025-07-29T16:15:06","date_gmt":"2025-07-29T13:15:06","guid":{"rendered":"https:\/\/www.egemtv.com\/?p=45430"},"modified":"2025-07-29T16:15:08","modified_gmt":"2025-07-29T13:15:08","slug":"izmir-kuzeyden-guneye-cop-kokuyor","status":"publish","type":"post","link":"https:\/\/www.egemtv.com\/?p=45430","title":{"rendered":"\u0130zmir, kuzeyden g\u00fcneye \u00e7\u00f6p kokuyor"},"content":{"rendered":"<p>\u0130zmir\u2019de ge\u00e7en ay grev sebebiyle toplanmayan \u00e7\u00f6plerden ya\u015fanan koku ve \u00e7evre kirlili\u011fi, grev olmamas\u0131na ra\u011fmen farkl\u0131 il\u00e7elerde vatanda\u015f\u0131 rahats\u0131z etmeye devam ediyor. Konak, Buca, Kar\u015f\u0131yaka ve \u00c7i\u011fli il\u00e7elerinde temizlik hizmeti yetersiz kal\u0131nca cadde ve sokak aralarda adeta \u00e7\u00f6p da\u011flar\u0131 olu\u015fuyor.<br \/>\n<br \/>\u0130zmir\u2019in merkezi il\u00e7elerinden biri olan Konak\u2019ta ya\u015fanan \u00e7\u00f6p sorunu, vatanda\u015f\u0131 adeta \u00e7ileden \u00e7\u0131kard\u0131. G\u00fcnlerdir toplanmayan \u00e7\u00f6pler kald\u0131r\u0131m ve yollara ta\u015farken, ayn\u0131 manzaralar Buca, Kar\u015f\u0131yaka ve \u00c7i\u011fli\u2019de de g\u00f6r\u00fclebiliyor. \u00d6zellikle s\u0131cak havalarda etkisini daha da art\u0131ran k\u00f6t\u00fc koku ve g\u00f6r\u00fcnt\u00fc kirlili\u011fi, vatanda\u015f\u0131n g\u00fcnl\u00fck ya\u015fam\u0131n\u0131 da olumsuz etkiliyor. \u00d6zellikle yerel bas\u0131n\u0131n s\u0131k s\u0131k g\u00fcndeme getirmesine ra\u011fmen ilgili belediyeler \u00e7\u00f6p sorununa kar\u015f\u0131 kal\u0131c\u0131 \u00e7\u00f6z\u00fcm bulam\u0131yor. Belediyelerin ilgisizli\u011fi, temizlik i\u015flerindeki yetersizlik, vatanda\u015f\u0131 \u00e7ileden \u00e7\u0131kar\u0131yor. Sosyal medya hesaplar\u0131ndan payla\u015f\u0131lan \u0130zmir\u2019in \u00e7\u00f6p da\u011flar\u0131, farkl\u0131 b\u00f6lgelerden \u00e7ekilmi\u015f \u00e7irkin g\u00f6r\u00fcnt\u00fcler, binlerce olumsuz yoruma ra\u011fmen de\u011fi\u015fmiyor. Baz\u0131 vatanda\u015flar, &#8220;\u0130zmir bu manzaralar\u0131 hak etmiyor. \u00c7\u00f6pleri d\u00fczenli \u015fekilde toplamak niye bu kadar zor&#8221; \u015feklinde tepkilerini dile getiriyor.<br \/><\/p>\n","protected":false},"excerpt":{"rendered":"<p>\u0130zmir\u2019de ge\u00e7en ay grev sebebiyle toplanmayan \u00e7\u00f6plerden ya\u015fanan koku ve \u00e7evre kirlili\u011fi, grev olmamas\u0131na ra\u011fmen farkl\u0131 il\u00e7elerde vatanda\u015f\u0131 rahats\u0131z etmeye devam ediyor. Konak, Buca, Kar\u015f\u0131yaka ve \u00c7i\u011fli il\u00e7elerinde temizlik hizmeti yetersiz kal\u0131nca cadde ve sokak aralarda adeta \u00e7\u00f6p da\u011flar\u0131 olu\u015fuyor. \u0130zmir\u2019in merkezi il\u00e7elerinden biri olan Konak\u2019ta ya\u015fanan \u00e7\u00f6p sorunu, vatanda\u015f\u0131 adeta \u00e7ileden \u00e7\u0131kard\u0131. G\u00fcnlerdir toplanmayan&#8230;<\/p>\n","protected":false},"author":1,"featured_media":45431,"comment_status":"open","ping_status":"open","sticky":false,"template":"","format":"standard","meta":{"_crdt_document":"","footnotes":""},"categories":[1],"tags":[],"class_list":["post-45430","post","type-post","status-publish","format-standard","has-post-thumbnail","hentry","category-guncel"],"_links":{"self":[{"href":"https:\/\/www.egemtv.com\/index.php?rest_route=\/wp\/v2\/posts\/45430","targetHints":{"allow":["GET"]}}],"collection":[{"href":"https:\/\/www.egemtv.com\/index.php?rest_route=\/wp\/v2\/posts"}],"about":[{"href":"https:\/\/www.egemtv.com\/index.php?rest_route=\/wp\/v2\/types\/post"}],"author":[{"embeddable":true,"href":"https:\/\/www.egemtv.com\/index.php?rest_route=\/wp\/v2\/users\/1"}],"replies":[{"embeddable":true,"href":"https:\/\/www.egemtv.com\/index.php?rest_route=%2Fwp%2Fv2%2Fcomments&post=45430"}],"version-history":[{"count":1,"href":"https:\/\/www.egemtv.com\/index.php?rest_route=\/wp\/v2\/posts\/45430\/revisions"}],"predecessor-version":[{"id":45432,"href":"https:\/\/www.egemtv.com\/index.php?rest_route=\/wp\/v2\/posts\/45430\/revisions\/45432"}],"wp:featuredmedia":[{"embeddable":true,"href":"https:\/\/www.egemtv.com\/index.php?rest_route=\/wp\/v2\/media\/45431"}],"wp:attachment":[{"href":"https:\/\/www.egemtv.com\/index.php?rest_route=%2Fwp%2Fv2%2Fmedia&parent=45430"}],"wp:term":[{"taxonomy":"category","embeddable":true,"href":"https:\/\/www.egemtv.com\/index.php?rest_route=%2Fwp%2Fv2%2Fcategories&post=45430"},{"taxonomy":"post_tag","embeddable":true,"href":"https:\/\/www.egemtv.com\/index.php?rest_route=%2Fwp%2Fv2%2Ftags&post=45430"}],"curies":[{"name":"wp","href":"https:\/\/api.w.org\/{rel}","templated":true}]}}