{"id":45427,"date":"2025-07-29T16:15:04","date_gmt":"2025-07-29T13:15:04","guid":{"rendered":"https:\/\/www.egemtv.com\/?p=45427"},"modified":"2025-07-29T16:15:06","modified_gmt":"2025-07-29T13:15:06","slug":"baskan-yardimcisi-kiran-calismalari-yerinde-inceledi","status":"publish","type":"post","link":"https:\/\/www.egemtv.com\/?p=45427","title":{"rendered":"Ba\u015fkan Yard\u0131mc\u0131s\u0131 K\u0131ran \u00e7al\u0131\u015fmalar\u0131 yerinde inceledi"},"content":{"rendered":"<p>Turgutlu Belediyesi Fen \u0130\u015fleri M\u00fcd\u00fcrl\u00fc\u011f\u00fc ekipleri, kentin farkl\u0131 noktalar\u0131nda \u00fcst yap\u0131 yenileme ile asfalt yama \u00e7al\u0131\u015fmalar\u0131n\u0131 s\u00fcrd\u00fcr\u00fcyor. Turgutlu Belediye Ba\u015fkan Yard\u0131mc\u0131s\u0131 Ali R\u0131za K\u0131ran, ova yollar\u0131 ve merkez mahallelerde devam eden \u00e7al\u0131\u015fmalar\u0131 yerinde inceledi.<br \/>\n<br \/>Turgutlu Belediye Ba\u015fkan Yard\u0131mc\u0131s\u0131 Ali R\u0131za K\u0131ran saha incelemelerine, Mustafa Kemal ve Atat\u00fcrk Mahalleleri ile F\u0131rat Y\u0131lmaz \u00c7ak\u0131ro\u011flu (Son) Sokakta Fen \u0130\u015fleri M\u00fcd\u00fcrl\u00fc\u011f\u00fc taraf\u0131ndan ger\u00e7ekle\u015ftirilen \u00fcst yap\u0131 yenileme \u00e7al\u0131\u015fmalar\u0131yla ba\u015flad\u0131. Ba\u015fkan Yard\u0131mc\u0131s\u0131 Ali R\u0131za K\u0131ran ard\u0131ndan \u00c7amp\u0131nar Mahallesi ile Geren Mevki Yedek 5 Kanal Yolunda y\u00fcr\u00fct\u00fclen asfalt yama \u00e7al\u0131\u015fmalar\u0131n\u0131n son durumunu ve Ko\u015fuk\u0131r\u0131\u2019nda yap\u0131lacak olan asfalt yama alanlar\u0131n\u0131 inceledi.<br \/>\n<br \/>Turgutlu Belediyesi ekiplerinin e\u015f zamanl\u0131 olarak y\u00fcr\u00fctt\u00fc\u011f\u00fc \u00e7al\u0131\u015fmalar hakk\u0131nda de\u011ferlendirmede bulunan Ba\u015fkan Yard\u0131mc\u0131s\u0131 Ali R\u0131za K\u0131ran, &#8220;Merkez mahallelerimizde ve ova yollar\u0131m\u0131z \u00fczerinde Fen \u0130\u015fleri M\u00fcd\u00fcrl\u00fc\u011f\u00fcm\u00fcz\u00fcn ger\u00e7ekle\u015ftirdi\u011fi \u00fcst yap\u0131 yenileme ve asfalt yama \u00e7al\u0131\u015fmalar\u0131n\u0131 takip ettik. Turgutlu Belediyesi olarak e\u015fit hizmet anlay\u0131\u015f\u0131ndan taviz vermeden kentimizin her noktas\u0131 i\u00e7in \u00e7al\u0131\u015fmaya, hem\u015fehrilerimizin sorunlar\u0131n\u0131 \u00e7\u00f6zmeye devam edece\u011fiz&#8221; \u015feklinde konu\u015ftu.<br \/><\/p>\n","protected":false},"excerpt":{"rendered":"<p>Turgutlu Belediyesi Fen \u0130\u015fleri M\u00fcd\u00fcrl\u00fc\u011f\u00fc ekipleri, kentin farkl\u0131 noktalar\u0131nda \u00fcst yap\u0131 yenileme ile asfalt yama \u00e7al\u0131\u015fmalar\u0131n\u0131 s\u00fcrd\u00fcr\u00fcyor. Turgutlu Belediye Ba\u015fkan Yard\u0131mc\u0131s\u0131 Ali R\u0131za K\u0131ran, ova yollar\u0131 ve merkez mahallelerde devam eden \u00e7al\u0131\u015fmalar\u0131 yerinde inceledi. Turgutlu Belediye Ba\u015fkan Yard\u0131mc\u0131s\u0131 Ali R\u0131za K\u0131ran saha incelemelerine, Mustafa Kemal ve Atat\u00fcrk Mahalleleri ile F\u0131rat Y\u0131lmaz \u00c7ak\u0131ro\u011flu (Son) Sokakta Fen&#8230;<\/p>\n","protected":false},"author":1,"featured_media":45428,"comment_status":"open","ping_status":"open","sticky":false,"template":"","format":"standard","meta":{"_crdt_document":"","footnotes":""},"categories":[127],"tags":[],"class_list":["post-45427","post","type-post","status-publish","format-standard","has-post-thumbnail","hentry","category-siyaset"],"_links":{"self":[{"href":"https:\/\/www.egemtv.com\/index.php?rest_route=\/wp\/v2\/posts\/45427","targetHints":{"allow":["GET"]}}],"collection":[{"href":"https:\/\/www.egemtv.com\/index.php?rest_route=\/wp\/v2\/posts"}],"about":[{"href":"https:\/\/www.egemtv.com\/index.php?rest_route=\/wp\/v2\/types\/post"}],"author":[{"embeddable":true,"href":"https:\/\/www.egemtv.com\/index.php?rest_route=\/wp\/v2\/users\/1"}],"replies":[{"embeddable":true,"href":"https:\/\/www.egemtv.com\/index.php?rest_route=%2Fwp%2Fv2%2Fcomments&post=45427"}],"version-history":[{"count":1,"href":"https:\/\/www.egemtv.com\/index.php?rest_route=\/wp\/v2\/posts\/45427\/revisions"}],"predecessor-version":[{"id":45429,"href":"https:\/\/www.egemtv.com\/index.php?rest_route=\/wp\/v2\/posts\/45427\/revisions\/45429"}],"wp:featuredmedia":[{"embeddable":true,"href":"https:\/\/www.egemtv.com\/index.php?rest_route=\/wp\/v2\/media\/45428"}],"wp:attachment":[{"href":"https:\/\/www.egemtv.com\/index.php?rest_route=%2Fwp%2Fv2%2Fmedia&parent=45427"}],"wp:term":[{"taxonomy":"category","embeddable":true,"href":"https:\/\/www.egemtv.com\/index.php?rest_route=%2Fwp%2Fv2%2Fcategories&post=45427"},{"taxonomy":"post_tag","embeddable":true,"href":"https:\/\/www.egemtv.com\/index.php?rest_route=%2Fwp%2Fv2%2Ftags&post=45427"}],"curies":[{"name":"wp","href":"https:\/\/api.w.org\/{rel}","templated":true}]}}