{"id":45403,"date":"2025-07-29T15:15:11","date_gmt":"2025-07-29T12:15:11","guid":{"rendered":"https:\/\/www.egemtv.com\/?p=45403"},"modified":"2025-07-29T15:15:12","modified_gmt":"2025-07-29T12:15:12","slug":"turgutlu-zabitasindan-marketlere-siki-denetim","status":"publish","type":"post","link":"https:\/\/www.egemtv.com\/?p=45403","title":{"rendered":"Turgutlu Zab\u0131tas\u0131ndan marketlere s\u0131k\u0131 denetim"},"content":{"rendered":"<p>Turgutlu Belediyesi Zab\u0131ta M\u00fcd\u00fcrl\u00fc\u011f\u00fc ekipleri, il\u00e7e genelinde faaliyet g\u00f6steren marketlerde kapsaml\u0131 bir denetim ger\u00e7ekle\u015ftirdi.<br \/>\n<br \/>Turgutlu Belediyesi Zab\u0131ta M\u00fcd\u00fcrl\u00fc\u011f\u00fc ekipleri, kent genelinde faaliyet g\u00f6steren market, s\u00fcpermarket ve zincir marketlerde kapsaml\u0131 bir denetim ger\u00e7ekle\u015ftirdi. Yap\u0131lan denetimlerde \u00fcr\u00fcnlerin son kullanma tarihleri (SKT), kasa ve raf fiyat\u0131, gramaj kontrolleri ile etiket y\u00f6netmeli\u011fine uygunluk titizlikle incelendi. \u00d6zellikle t\u00fcketici haklar\u0131n\u0131 korumaya y\u00f6nelik ger\u00e7ekle\u015ftirilen kontrollerde, fahi\u015f fiyat uygulamalar\u0131 ve yan\u0131lt\u0131c\u0131 etiketlemelere kar\u015f\u0131 hassasiyet g\u00f6sterildi.<br \/>\n<br \/>Turgutlu Belediyesi Zab\u0131ta M\u00fcd\u00fcr\u00fc Hasan K\u0131z\u0131l, &#8220;Vatanda\u015flar\u0131m\u0131z\u0131n sa\u011fl\u0131\u011f\u0131, g\u00fcvenli\u011fi ve ekonomik \u00e7\u0131karlar\u0131 bizim \u00f6nceli\u011fimiz. Bu kapsamda ekiplerimiz, il\u00e7emizdeki marketlerde denetimlerini ger\u00e7ekle\u015ftirdi. Raf ve kasa fiyatlar\u0131n\u0131n uyu\u015fmas\u0131, son kullanma tarihi ge\u00e7mi\u015f \u00fcr\u00fcnlerin sat\u0131\u015f\u0131n\u0131n engellenmesi gibi konularda s\u0131f\u0131r toleransla hareket ediyoruz. Denetimlerimize d\u00fczenli olarak devam edece\u011fiz.&#8221; dedi.<br \/><\/p>\n","protected":false},"excerpt":{"rendered":"<p>Turgutlu Belediyesi Zab\u0131ta M\u00fcd\u00fcrl\u00fc\u011f\u00fc ekipleri, il\u00e7e genelinde faaliyet g\u00f6steren marketlerde kapsaml\u0131 bir denetim ger\u00e7ekle\u015ftirdi. Turgutlu Belediyesi Zab\u0131ta M\u00fcd\u00fcrl\u00fc\u011f\u00fc ekipleri, kent genelinde faaliyet g\u00f6steren market, s\u00fcpermarket ve zincir marketlerde kapsaml\u0131 bir denetim ger\u00e7ekle\u015ftirdi. Yap\u0131lan denetimlerde \u00fcr\u00fcnlerin son kullanma tarihleri (SKT), kasa ve raf fiyat\u0131, gramaj kontrolleri ile etiket y\u00f6netmeli\u011fine uygunluk titizlikle incelendi. \u00d6zellikle t\u00fcketici haklar\u0131n\u0131 korumaya&#8230;<\/p>\n","protected":false},"author":1,"featured_media":45404,"comment_status":"open","ping_status":"open","sticky":false,"template":"","format":"standard","meta":{"_crdt_document":"","footnotes":""},"categories":[5],"tags":[],"class_list":["post-45403","post","type-post","status-publish","format-standard","has-post-thumbnail","hentry","category-asayis"],"_links":{"self":[{"href":"https:\/\/www.egemtv.com\/index.php?rest_route=\/wp\/v2\/posts\/45403","targetHints":{"allow":["GET"]}}],"collection":[{"href":"https:\/\/www.egemtv.com\/index.php?rest_route=\/wp\/v2\/posts"}],"about":[{"href":"https:\/\/www.egemtv.com\/index.php?rest_route=\/wp\/v2\/types\/post"}],"author":[{"embeddable":true,"href":"https:\/\/www.egemtv.com\/index.php?rest_route=\/wp\/v2\/users\/1"}],"replies":[{"embeddable":true,"href":"https:\/\/www.egemtv.com\/index.php?rest_route=%2Fwp%2Fv2%2Fcomments&post=45403"}],"version-history":[{"count":1,"href":"https:\/\/www.egemtv.com\/index.php?rest_route=\/wp\/v2\/posts\/45403\/revisions"}],"predecessor-version":[{"id":45405,"href":"https:\/\/www.egemtv.com\/index.php?rest_route=\/wp\/v2\/posts\/45403\/revisions\/45405"}],"wp:featuredmedia":[{"embeddable":true,"href":"https:\/\/www.egemtv.com\/index.php?rest_route=\/wp\/v2\/media\/45404"}],"wp:attachment":[{"href":"https:\/\/www.egemtv.com\/index.php?rest_route=%2Fwp%2Fv2%2Fmedia&parent=45403"}],"wp:term":[{"taxonomy":"category","embeddable":true,"href":"https:\/\/www.egemtv.com\/index.php?rest_route=%2Fwp%2Fv2%2Fcategories&post=45403"},{"taxonomy":"post_tag","embeddable":true,"href":"https:\/\/www.egemtv.com\/index.php?rest_route=%2Fwp%2Fv2%2Ftags&post=45403"}],"curies":[{"name":"wp","href":"https:\/\/api.w.org\/{rel}","templated":true}]}}