{"id":45400,"date":"2025-07-29T14:55:35","date_gmt":"2025-07-29T11:55:35","guid":{"rendered":"https:\/\/www.egemtv.com\/?p=45400"},"modified":"2025-07-29T14:55:36","modified_gmt":"2025-07-29T11:55:36","slug":"kutahyali-sporcular-ayak-tenisinde-turkiye-sampiyonu-oldu","status":"publish","type":"post","link":"https:\/\/www.egemtv.com\/?p=45400","title":{"rendered":"K\u00fctahyal\u0131 sporcular Ayak Tenisi\u2019nde T\u00fcrkiye \u015eampiyonu oldu"},"content":{"rendered":"<p>K\u00fctahya Gen\u00e7lik ve Spor \u0130l M\u00fcd\u00fcrl\u00fc\u011f\u00fc, ayak tenisi bran\u015f\u0131nda T\u00fcrkiye \u015eampiyonu olan K\u00fctahya tak\u0131m\u0131n\u0131 a\u011f\u0131rlad\u0131.<br \/>\n<br \/>K\u00fctahya \u0130l M\u00fcd\u00fcrl\u00fc\u011f\u00fc taraf\u0131ndan yap\u0131lan a\u00e7\u0131klamada, sporcular\u0131n ekim ay\u0131nda Fransa\u2019da d\u00fczenlenecek Avrupa \u015eampiyonas\u0131 i\u00e7in haz\u0131rl\u0131klar\u0131n\u0131 s\u00fcrd\u00fcrd\u00fc\u011f\u00fc belirtildi. A\u00e7\u0131klamada, &#8220;Bu b\u00fcy\u00fck ba\u015far\u0131yla bizleri gururland\u0131ran tak\u0131m\u0131m\u0131za Avrupa yolculu\u011funda ba\u015far\u0131lar diliyor, her zaman yanlar\u0131nda oldu\u011fumuzu bir kez daha vurguluyoruz. Yolunuz a\u00e7\u0131k, ba\u015far\u0131lar\u0131n\u0131z daim olsun&#8221; ifadelerine yer verildi.<br \/>\n<br \/>K\u00fctahya temsilcisi, T\u00fcrkiye \u015fampiyonlu\u011funun ard\u0131ndan Avrupa\u2019da \u00fclkemizi ve \u015fehri en iyi \u015fekilde temsil etmeyi hedefliyor.<br \/><\/p>\n","protected":false},"excerpt":{"rendered":"<p>K\u00fctahya Gen\u00e7lik ve Spor \u0130l M\u00fcd\u00fcrl\u00fc\u011f\u00fc, ayak tenisi bran\u015f\u0131nda T\u00fcrkiye \u015eampiyonu olan K\u00fctahya tak\u0131m\u0131n\u0131 a\u011f\u0131rlad\u0131. K\u00fctahya \u0130l M\u00fcd\u00fcrl\u00fc\u011f\u00fc taraf\u0131ndan yap\u0131lan a\u00e7\u0131klamada, sporcular\u0131n ekim ay\u0131nda Fransa\u2019da d\u00fczenlenecek Avrupa \u015eampiyonas\u0131 i\u00e7in haz\u0131rl\u0131klar\u0131n\u0131 s\u00fcrd\u00fcrd\u00fc\u011f\u00fc belirtildi. A\u00e7\u0131klamada, &#8220;Bu b\u00fcy\u00fck ba\u015far\u0131yla bizleri gururland\u0131ran tak\u0131m\u0131m\u0131za Avrupa yolculu\u011funda ba\u015far\u0131lar diliyor, her zaman yanlar\u0131nda oldu\u011fumuzu bir kez daha vurguluyoruz. Yolunuz a\u00e7\u0131k, ba\u015far\u0131lar\u0131n\u0131z daim&#8230;<\/p>\n","protected":false},"author":1,"featured_media":45401,"comment_status":"open","ping_status":"open","sticky":false,"template":"","format":"standard","meta":{"_crdt_document":"","footnotes":""},"categories":[4],"tags":[],"class_list":["post-45400","post","type-post","status-publish","format-standard","has-post-thumbnail","hentry","category-spor"],"_links":{"self":[{"href":"https:\/\/www.egemtv.com\/index.php?rest_route=\/wp\/v2\/posts\/45400","targetHints":{"allow":["GET"]}}],"collection":[{"href":"https:\/\/www.egemtv.com\/index.php?rest_route=\/wp\/v2\/posts"}],"about":[{"href":"https:\/\/www.egemtv.com\/index.php?rest_route=\/wp\/v2\/types\/post"}],"author":[{"embeddable":true,"href":"https:\/\/www.egemtv.com\/index.php?rest_route=\/wp\/v2\/users\/1"}],"replies":[{"embeddable":true,"href":"https:\/\/www.egemtv.com\/index.php?rest_route=%2Fwp%2Fv2%2Fcomments&post=45400"}],"version-history":[{"count":1,"href":"https:\/\/www.egemtv.com\/index.php?rest_route=\/wp\/v2\/posts\/45400\/revisions"}],"predecessor-version":[{"id":45402,"href":"https:\/\/www.egemtv.com\/index.php?rest_route=\/wp\/v2\/posts\/45400\/revisions\/45402"}],"wp:featuredmedia":[{"embeddable":true,"href":"https:\/\/www.egemtv.com\/index.php?rest_route=\/wp\/v2\/media\/45401"}],"wp:attachment":[{"href":"https:\/\/www.egemtv.com\/index.php?rest_route=%2Fwp%2Fv2%2Fmedia&parent=45400"}],"wp:term":[{"taxonomy":"category","embeddable":true,"href":"https:\/\/www.egemtv.com\/index.php?rest_route=%2Fwp%2Fv2%2Fcategories&post=45400"},{"taxonomy":"post_tag","embeddable":true,"href":"https:\/\/www.egemtv.com\/index.php?rest_route=%2Fwp%2Fv2%2Ftags&post=45400"}],"curies":[{"name":"wp","href":"https:\/\/api.w.org\/{rel}","templated":true}]}}