{"id":45397,"date":"2025-07-29T14:55:34","date_gmt":"2025-07-29T11:55:34","guid":{"rendered":"https:\/\/www.egemtv.com\/?p=45397"},"modified":"2025-07-29T14:55:35","modified_gmt":"2025-07-29T11:55:35","slug":"kurtulusta-yol-calismalari-basladi","status":"publish","type":"post","link":"https:\/\/www.egemtv.com\/?p=45397","title":{"rendered":"Kurtulu\u015f\u2019ta yol \u00e7al\u0131\u015fmalar\u0131 ba\u015flad\u0131"},"content":{"rendered":"<p>Nazilli Belediyesi Fen \u0130\u015fleri M\u00fcd\u00fcrl\u00fc\u011f\u00fc ekipleri Kurtulu\u015f Mahallesi 107 Sokak\u2019ta yol yenileme \u00e7al\u0131\u015fmalar\u0131na ba\u015flad\u0131.<br \/>\n<br \/>Nazilli Belediye Ba\u015fkan\u0131 Dr. Ertu\u011frul Tetik, Kurtulu\u015f Mahallesi\u2019ndeki saha gezileri s\u0131ras\u0131nda mahallenin yol sorununu \u00e7\u00f6z\u00fcme ula\u015ft\u0131rmak i\u00e7in k\u0131sa s\u00fcre i\u00e7erisinde \u00e7al\u0131\u015fmalara ba\u015flayacaklar\u0131n\u0131 dile getirmi\u015fti. Mahallenin ivedi \u015fekilde yenilenmesi gereken yollar\u0131n\u0131n saha ekiplerince incelenerek raporlanmas\u0131n\u0131 isteyen Ba\u015fkan Tetik, en k\u00f6t\u00fc durumdaki alanlardan ba\u015flayarak \u015fehrin her noktas\u0131nda yollar\u0131n bir bir yenilenece\u011fini ifade etti. 107 Sokak\u2019ta eski ve kullan\u0131lamaz haldeki eski yolun kaz\u0131nmas\u0131 ile \u00e7al\u0131\u015fmalara ba\u015flayan ekipler, s\u0131cak yaz aylar\u0131nda mahalle sakinlerinin tozdan etkilenmemesi i\u00e7in e\u015f zamanl\u0131 olarak faaliyetleri s\u00fcrd\u00fcr\u00fcyor.<br \/>\n<br \/>Stabilize i\u015flemlerinin ard\u0131ndan parka d\u00f6\u015feme \u00e7al\u0131\u015fmalar\u0131n\u0131n h\u0131zla y\u00fcr\u00fct\u00fclece\u011fini kaydeden Ba\u015fkan Tetik; &#8220;Ge\u00e7ti\u011fimiz ay Kurtulu\u015f Mahalle Muhtar\u0131m\u0131z Musa Karaku\u015f ile birlikte yollar\u0131m\u0131z\u0131 incelemi\u015ftik. Nazilli\u2019nin en eski yerle\u015fim yerlerinden biri olan Kurtulu\u015f\u2019ta uzun y\u0131llard\u0131r hi\u00e7bir yol \u00e7al\u0131\u015fmas\u0131 yap\u0131lmam\u0131\u015f. Yaya ve ara\u00e7 trafi\u011fi i\u00e7in kullan\u0131\u015fs\u0131z olan bu noktalar\u0131n yenilenmesi i\u00e7in ekiplerimiz yo\u011fun bir \u00e7al\u0131\u015fma ger\u00e7ekle\u015ftiriyor. En k\u0131sa s\u00fcrede \u00e7al\u0131\u015fmalar\u0131m\u0131z\u0131 tamamlayarak yolumuzu yeniden trafi\u011fe a\u00e7aca\u011f\u0131z&#8221; dedi.<br \/><\/p>\n","protected":false},"excerpt":{"rendered":"<p>Nazilli Belediyesi Fen \u0130\u015fleri M\u00fcd\u00fcrl\u00fc\u011f\u00fc ekipleri Kurtulu\u015f Mahallesi 107 Sokak\u2019ta yol yenileme \u00e7al\u0131\u015fmalar\u0131na ba\u015flad\u0131. Nazilli Belediye Ba\u015fkan\u0131 Dr. Ertu\u011frul Tetik, Kurtulu\u015f Mahallesi\u2019ndeki saha gezileri s\u0131ras\u0131nda mahallenin yol sorununu \u00e7\u00f6z\u00fcme ula\u015ft\u0131rmak i\u00e7in k\u0131sa s\u00fcre i\u00e7erisinde \u00e7al\u0131\u015fmalara ba\u015flayacaklar\u0131n\u0131 dile getirmi\u015fti. Mahallenin ivedi \u015fekilde yenilenmesi gereken yollar\u0131n\u0131n saha ekiplerince incelenerek raporlanmas\u0131n\u0131 isteyen Ba\u015fkan Tetik, en k\u00f6t\u00fc durumdaki alanlardan&#8230;<\/p>\n","protected":false},"author":1,"featured_media":45398,"comment_status":"open","ping_status":"open","sticky":false,"template":"","format":"standard","meta":{"_crdt_document":"","footnotes":""},"categories":[1],"tags":[],"class_list":["post-45397","post","type-post","status-publish","format-standard","has-post-thumbnail","hentry","category-guncel"],"_links":{"self":[{"href":"https:\/\/www.egemtv.com\/index.php?rest_route=\/wp\/v2\/posts\/45397","targetHints":{"allow":["GET"]}}],"collection":[{"href":"https:\/\/www.egemtv.com\/index.php?rest_route=\/wp\/v2\/posts"}],"about":[{"href":"https:\/\/www.egemtv.com\/index.php?rest_route=\/wp\/v2\/types\/post"}],"author":[{"embeddable":true,"href":"https:\/\/www.egemtv.com\/index.php?rest_route=\/wp\/v2\/users\/1"}],"replies":[{"embeddable":true,"href":"https:\/\/www.egemtv.com\/index.php?rest_route=%2Fwp%2Fv2%2Fcomments&post=45397"}],"version-history":[{"count":1,"href":"https:\/\/www.egemtv.com\/index.php?rest_route=\/wp\/v2\/posts\/45397\/revisions"}],"predecessor-version":[{"id":45399,"href":"https:\/\/www.egemtv.com\/index.php?rest_route=\/wp\/v2\/posts\/45397\/revisions\/45399"}],"wp:featuredmedia":[{"embeddable":true,"href":"https:\/\/www.egemtv.com\/index.php?rest_route=\/wp\/v2\/media\/45398"}],"wp:attachment":[{"href":"https:\/\/www.egemtv.com\/index.php?rest_route=%2Fwp%2Fv2%2Fmedia&parent=45397"}],"wp:term":[{"taxonomy":"category","embeddable":true,"href":"https:\/\/www.egemtv.com\/index.php?rest_route=%2Fwp%2Fv2%2Fcategories&post=45397"},{"taxonomy":"post_tag","embeddable":true,"href":"https:\/\/www.egemtv.com\/index.php?rest_route=%2Fwp%2Fv2%2Ftags&post=45397"}],"curies":[{"name":"wp","href":"https:\/\/api.w.org\/{rel}","templated":true}]}}