{"id":45394,"date":"2025-07-29T14:55:33","date_gmt":"2025-07-29T11:55:33","guid":{"rendered":"https:\/\/www.egemtv.com\/?p=45394"},"modified":"2025-07-29T14:55:34","modified_gmt":"2025-07-29T11:55:34","slug":"kalp-krizi-gecirip-hayatini-kaybeden-polis-memuru-icin-toren-duzenlendi","status":"publish","type":"post","link":"https:\/\/www.egemtv.com\/?p=45394","title":{"rendered":"Kalp krizi ge\u00e7irip hayat\u0131n\u0131 kaybeden polis memuru i\u00e7in t\u00f6ren d\u00fczenlendi"},"content":{"rendered":"<p>Ge\u00e7irdi\u011fi kalp krizi sonucu hayat\u0131n\u0131 kaybeden Ayd\u0131n \u0130l Emniyet M\u00fcd\u00fcrl\u00fc\u011f\u00fc Asayi\u015f \u015eube M\u00fcd\u00fcrl\u00fc\u011f\u00fc\u2019nde g\u00f6revli polis memuru Ersin C\u0131stak, g\u00f6rev yapt\u0131\u011f\u0131 m\u00fcd\u00fcrl\u00fc\u011f\u00fcn \u00f6n\u00fcnde d\u00fczenlenen t\u00f6renle memleketine u\u011furland\u0131.<\/p>\n<p>Edinilen bilgiye g\u00f6re, Yunus Timi\u2019nde g\u00f6rev yapan polis memuru Ersin C\u0131stak, g\u00f6rev d\u0131\u015f\u0131nda bulundu\u011fu s\u0131rada aniden rahats\u0131zland\u0131. Kalp krizi ge\u00e7irdi\u011fi belirlenen C\u0131stak, yap\u0131lan t\u00fcm m\u00fcdahalelere ra\u011fmen kurtar\u0131lamad\u0131. C\u0131stak\u2019\u0131n vefat haberi, g\u00f6rev yapt\u0131\u011f\u0131 Ayd\u0131n \u0130l Emniyet M\u00fcd\u00fcrl\u00fc\u011f\u00fc\u2019nde ve meslekta\u015flar\u0131 aras\u0131nda b\u00fcy\u00fck \u00fcz\u00fcnt\u00fcye sebep oldu. Gen\u00e7 ya\u015fta ya\u015fam\u0131n\u0131 yitiren polis memuru i\u00e7in Ayd\u0131n \u0130l Emniyet M\u00fcd\u00fcrl\u00fc\u011f\u00fc \u00f6n\u00fcnde t\u00f6ren d\u00fczenlendi. T\u00f6rene Ayd\u0131n \u0130l Emniyet M\u00fcd\u00fcr\u00fc Arma\u011fan Adnan Erdo\u011fan, polisler ve jandarma te\u015fkilat\u0131 kat\u0131ld\u0131. T\u00f6rende ailesi ayakta durmakta g\u00fc\u00e7l\u00fck \u00e7ekti. \u00dc\u00e7 \u00e7ocuk babas\u0131 C\u0131stak i\u00e7in helallik al\u0131nd\u0131. T\u00f6renin ard\u0131ndan C\u0131stak\u2019\u0131n cenazesi Denizli\u2019ye g\u00f6t\u00fcr\u00fcld\u00fc. \u0130kindi namaz\u0131na m\u00fcteakip C\u0131stak\u2019\u0131n cenazesi, G\u00fcm\u00fc\u015fler Mezarl\u0131\u011f\u0131\u2019na defnedilece\u011fi \u00f6\u011frenildi.<br \/><\/p>\n","protected":false},"excerpt":{"rendered":"<p>Ge\u00e7irdi\u011fi kalp krizi sonucu hayat\u0131n\u0131 kaybeden Ayd\u0131n \u0130l Emniyet M\u00fcd\u00fcrl\u00fc\u011f\u00fc Asayi\u015f \u015eube M\u00fcd\u00fcrl\u00fc\u011f\u00fc\u2019nde g\u00f6revli polis memuru Ersin C\u0131stak, g\u00f6rev yapt\u0131\u011f\u0131 m\u00fcd\u00fcrl\u00fc\u011f\u00fcn \u00f6n\u00fcnde d\u00fczenlenen t\u00f6renle memleketine u\u011furland\u0131. Edinilen bilgiye g\u00f6re, Yunus Timi\u2019nde g\u00f6rev yapan polis memuru Ersin C\u0131stak, g\u00f6rev d\u0131\u015f\u0131nda bulundu\u011fu s\u0131rada aniden rahats\u0131zland\u0131. Kalp krizi ge\u00e7irdi\u011fi belirlenen C\u0131stak, yap\u0131lan t\u00fcm m\u00fcdahalelere ra\u011fmen kurtar\u0131lamad\u0131. C\u0131stak\u2019\u0131n vefat&#8230;<\/p>\n","protected":false},"author":1,"featured_media":45395,"comment_status":"open","ping_status":"open","sticky":false,"template":"","format":"standard","meta":{"_crdt_document":"","footnotes":""},"categories":[5],"tags":[],"class_list":["post-45394","post","type-post","status-publish","format-standard","has-post-thumbnail","hentry","category-asayis"],"_links":{"self":[{"href":"https:\/\/www.egemtv.com\/index.php?rest_route=\/wp\/v2\/posts\/45394","targetHints":{"allow":["GET"]}}],"collection":[{"href":"https:\/\/www.egemtv.com\/index.php?rest_route=\/wp\/v2\/posts"}],"about":[{"href":"https:\/\/www.egemtv.com\/index.php?rest_route=\/wp\/v2\/types\/post"}],"author":[{"embeddable":true,"href":"https:\/\/www.egemtv.com\/index.php?rest_route=\/wp\/v2\/users\/1"}],"replies":[{"embeddable":true,"href":"https:\/\/www.egemtv.com\/index.php?rest_route=%2Fwp%2Fv2%2Fcomments&post=45394"}],"version-history":[{"count":1,"href":"https:\/\/www.egemtv.com\/index.php?rest_route=\/wp\/v2\/posts\/45394\/revisions"}],"predecessor-version":[{"id":45396,"href":"https:\/\/www.egemtv.com\/index.php?rest_route=\/wp\/v2\/posts\/45394\/revisions\/45396"}],"wp:featuredmedia":[{"embeddable":true,"href":"https:\/\/www.egemtv.com\/index.php?rest_route=\/wp\/v2\/media\/45395"}],"wp:attachment":[{"href":"https:\/\/www.egemtv.com\/index.php?rest_route=%2Fwp%2Fv2%2Fmedia&parent=45394"}],"wp:term":[{"taxonomy":"category","embeddable":true,"href":"https:\/\/www.egemtv.com\/index.php?rest_route=%2Fwp%2Fv2%2Fcategories&post=45394"},{"taxonomy":"post_tag","embeddable":true,"href":"https:\/\/www.egemtv.com\/index.php?rest_route=%2Fwp%2Fv2%2Ftags&post=45394"}],"curies":[{"name":"wp","href":"https:\/\/api.w.org\/{rel}","templated":true}]}}