{"id":45391,"date":"2025-07-29T14:35:48","date_gmt":"2025-07-29T11:35:48","guid":{"rendered":"https:\/\/www.egemtv.com\/?p=45391"},"modified":"2025-07-29T14:35:49","modified_gmt":"2025-07-29T11:35:49","slug":"altin-sarisi-sultaniye-uzumun-yolculugu-basladi","status":"publish","type":"post","link":"https:\/\/www.egemtv.com\/?p=45391","title":{"rendered":"Alt\u0131n sar\u0131s\u0131 Sultaniye \u00fcz\u00fcm\u00fcn yolculu\u011fu ba\u015flad\u0131"},"content":{"rendered":"<p>Manisa\u2019n\u0131n Sar\u0131g\u00f6l Ovas\u0131\u2019nda yeti\u015fen d\u00fcnyaca \u00fcnl\u00fc \u00e7ekirdeksiz sofral\u0131k Sultaniye \u00fcz\u00fcmlerinin yurt i\u00e7i yolculu\u011fu ba\u015flad\u0131.<br \/>\n<br \/>Sar\u0131g\u00f6l\u2019de erkenci \u00fcz\u00fcm hasad\u0131n\u0131n ard\u0131ndan, k\u0131rsal alanlarda olgunla\u015fan alt\u0131n sar\u0131s\u0131 Sultaniye \u00fcz\u00fcmleri i\u00e7 piyasaya g\u00f6nderilmeye ba\u015fland\u0131. \u00dcz\u00fcmler, yurdun \u00e7e\u015fitli noktalar\u0131ndaki pazarlarda yerini almaya ba\u015flad\u0131.<br \/>\n<br \/>Sar\u0131g\u00f6l il\u00e7esinin \u00c7imentepe, \u00d6zp\u0131nar, \u00c7avu\u015flar ve Yenik\u00f6y gibi k\u0131rsal mahallelerinde sabah\u0131n erken saatlerinde hasat edilen Sultaniye \u00fcz\u00fcmleri, kamyonlarla ba\u015fta Eski\u015fehir olmak \u00fczere farkl\u0131 illere sevk ediliyor.<br \/>\n<br \/>\u00c7imentepe Mahalle Muhtar\u0131 Kubilay Tanr\u0131\u00f6ver yapt\u0131\u011f\u0131 a\u00e7\u0131klamada, &#8220;K\u0131rsal b\u00f6lgelerde yeti\u015fen Sultaniye \u00fcz\u00fcmlerimiz olgunla\u015ft\u0131. \u00d6zellikle Eski\u015fehir\u2019e haftada iki-\u00fc\u00e7 kamyon \u00fcz\u00fcm g\u00f6nderilmeye ba\u015fland\u0131. Ya\u015f Sultaniye \u00fcz\u00fcmleri ba\u011fc\u0131lardan kalitesine g\u00f6re 35 ile 50 TL aras\u0131nda al\u0131c\u0131 buluyor. 2025 y\u0131l\u0131 mahsul\u00fcm\u00fcz k\u0131rsal alanlarda i\u00e7 piyasa i\u00e7in kesilmeye ba\u015fland\u0131. \u0130hracatl\u0131k \u00fcz\u00fcmler ise a\u00e7\u0131klanan takvime g\u00f6re hasat edilecek ve y\u0131l sonuna kadar ihracat devam edecek. T\u00fcm \u00fcreticilerimiz i\u00e7in bereketli bir y\u0131l diliyorum.&#8221; dedi.<br \/><\/p>\n","protected":false},"excerpt":{"rendered":"<p>Manisa\u2019n\u0131n Sar\u0131g\u00f6l Ovas\u0131\u2019nda yeti\u015fen d\u00fcnyaca \u00fcnl\u00fc \u00e7ekirdeksiz sofral\u0131k Sultaniye \u00fcz\u00fcmlerinin yurt i\u00e7i yolculu\u011fu ba\u015flad\u0131. Sar\u0131g\u00f6l\u2019de erkenci \u00fcz\u00fcm hasad\u0131n\u0131n ard\u0131ndan, k\u0131rsal alanlarda olgunla\u015fan alt\u0131n sar\u0131s\u0131 Sultaniye \u00fcz\u00fcmleri i\u00e7 piyasaya g\u00f6nderilmeye ba\u015fland\u0131. \u00dcz\u00fcmler, yurdun \u00e7e\u015fitli noktalar\u0131ndaki pazarlarda yerini almaya ba\u015flad\u0131. Sar\u0131g\u00f6l il\u00e7esinin \u00c7imentepe, \u00d6zp\u0131nar, \u00c7avu\u015flar ve Yenik\u00f6y gibi k\u0131rsal mahallelerinde sabah\u0131n erken saatlerinde hasat edilen Sultaniye \u00fcz\u00fcmleri,&#8230;<\/p>\n","protected":false},"author":1,"featured_media":45392,"comment_status":"open","ping_status":"open","sticky":false,"template":"","format":"standard","meta":{"_crdt_document":"","footnotes":""},"categories":[125],"tags":[],"class_list":["post-45391","post","type-post","status-publish","format-standard","has-post-thumbnail","hentry","category-ekonomi"],"_links":{"self":[{"href":"https:\/\/www.egemtv.com\/index.php?rest_route=\/wp\/v2\/posts\/45391","targetHints":{"allow":["GET"]}}],"collection":[{"href":"https:\/\/www.egemtv.com\/index.php?rest_route=\/wp\/v2\/posts"}],"about":[{"href":"https:\/\/www.egemtv.com\/index.php?rest_route=\/wp\/v2\/types\/post"}],"author":[{"embeddable":true,"href":"https:\/\/www.egemtv.com\/index.php?rest_route=\/wp\/v2\/users\/1"}],"replies":[{"embeddable":true,"href":"https:\/\/www.egemtv.com\/index.php?rest_route=%2Fwp%2Fv2%2Fcomments&post=45391"}],"version-history":[{"count":1,"href":"https:\/\/www.egemtv.com\/index.php?rest_route=\/wp\/v2\/posts\/45391\/revisions"}],"predecessor-version":[{"id":45393,"href":"https:\/\/www.egemtv.com\/index.php?rest_route=\/wp\/v2\/posts\/45391\/revisions\/45393"}],"wp:featuredmedia":[{"embeddable":true,"href":"https:\/\/www.egemtv.com\/index.php?rest_route=\/wp\/v2\/media\/45392"}],"wp:attachment":[{"href":"https:\/\/www.egemtv.com\/index.php?rest_route=%2Fwp%2Fv2%2Fmedia&parent=45391"}],"wp:term":[{"taxonomy":"category","embeddable":true,"href":"https:\/\/www.egemtv.com\/index.php?rest_route=%2Fwp%2Fv2%2Fcategories&post=45391"},{"taxonomy":"post_tag","embeddable":true,"href":"https:\/\/www.egemtv.com\/index.php?rest_route=%2Fwp%2Fv2%2Ftags&post=45391"}],"curies":[{"name":"wp","href":"https:\/\/api.w.org\/{rel}","templated":true}]}}