{"id":45388,"date":"2025-07-29T14:35:47","date_gmt":"2025-07-29T11:35:47","guid":{"rendered":"https:\/\/www.egemtv.com\/?p=45388"},"modified":"2025-07-29T14:35:48","modified_gmt":"2025-07-29T11:35:48","slug":"mugla-buyuksehir-belediyesi-kitap-okuyan-cocuklari-sevindirdi","status":"publish","type":"post","link":"https:\/\/www.egemtv.com\/?p=45388","title":{"rendered":"Mu\u011fla B\u00fcy\u00fck\u015fehir Belediyesi kitap okuyan \u00e7ocuklar\u0131 sevindirdi"},"content":{"rendered":"<p>Mu\u011fla B\u00fcy\u00fck\u015fehir Belediyesi &#8220;Kitaplara Yolculuk Sizden Bisikletiniz B\u00fcy\u00fck\u015fehirden&#8221; projesi \u00e7er\u00e7evesinde Kavakl\u0131dere \u0130l\u00e7esi \u00c7ocuk K\u00fct\u00fcphanesi\u2019nde kitap okuyan \u00e7ocuklara bisiklet hediye etti. Proje \u00e7er\u00e7evesinde kitap k\u00fct\u00fcphanede kitap okuyan 24 \u00e7ocuk yeni bisikletine kavu\u015ftu.<br \/>\n<br \/>Mu\u011fla B\u00fcy\u00fck\u015fehir Belediyesi, \u00f6zellikle \u00e7ocuklar\u0131n e\u011fitimine ve k\u00fclt\u00fcrel geli\u015fimine katk\u0131 sa\u011flayan projelere destek vermeyi s\u00fcrd\u00fcr\u00fcyor. Bu \u00e7er\u00e7evede B\u00fcy\u00fck\u015fehir Belediyesi ile Kavakl\u0131dere \u0130l\u00e7esi Ortak\u00f6y Mahalle Muhtar\u0131 Filiz Tufan i\u015f birli\u011finde hayata ge\u00e7irilen &#8220;Kitaplara Yolculuk Sizden, Bisikletiniz B\u00fcy\u00fck\u015fehirden&#8221; projesiyle, Kavakl\u0131dere \u00c7ocuk K\u00fct\u00fcphanesi\u2019nde kitap okuma al\u0131\u015fkanl\u0131\u011f\u0131 kazanan 24 \u00e7ocu\u011fa bisiklet hediye edildi.<br \/>\n<br \/>Ayn\u0131 zamanda Mu\u011fla B\u00fcy\u00fck\u015fehir Belediyesi, \u00e7ocuklar\u0131n daha fazla kitaba eri\u015febilmesi i\u00e7in bu k\u00fct\u00fcphaneye kitap ba\u011f\u0131\u015f\u0131nda da bulundu. K\u00fct\u00fcphanede en fazla kitap okuyarak ve aktif zaman ge\u00e7irerek \u00f6ne \u00e7\u0131kan \u00e7ocuklara verilen bu \u00f6d\u00fcl, hem okuma motivasyonunu art\u0131rd\u0131 hem de k\u00fclt\u00fcrel geli\u015fimlerine katk\u0131 sundu.<br \/>\n<br \/>Ortak\u00f6y Mahalle Muhtar\u0131 Filiz Tufan; anlaml\u0131 deste\u011finden dolay\u0131 Mu\u011fla B\u00fcy\u00fck\u015fehir Belediyesi\u2019ne te\u015fekk\u00fcr ederek &#8220;Muhtar se\u00e7ildikten sonra ilk i\u015fimiz \u00e7ocuklar i\u00e7in ne yapabiliriz diye d\u00fc\u015f\u00fcnmek oldu. Bu d\u00fc\u015f\u00fcnceden hareketle \u00e7ocuk k\u00fct\u00fcphanesi a\u00e7maya karar verdim ve okul deposu olarak kullan\u0131lan alan\u0131 \u00e7ocuk k\u00fct\u00fcphanesine \u00e7evirdim. B\u00fcy\u00fck\u015fehir ve di\u011fer kurumlar\u0131n deste\u011fi ile yakla\u015f\u0131k 800 kitaba ev sahipli\u011fi yapan k\u00fct\u00fcphanemiz var. \u00d6zellikle okullar\u0131n kapanmas\u0131ndan sonra \u00e7ocuklar\u0131m\u0131z\u0131n daha fazla kitap okumas\u0131n\u0131 sa\u011flamak i\u00e7in \u00e7ocuklar\u0131n bir hayali olan bisiklet hediyesini B\u00fcy\u00fck\u015fehir Belediyemiz ile hayata ge\u00e7irdik. K\u00fct\u00fcphanemizde en fazla kitap okuyan, kitaplarla vakit ge\u00e7iren \u00e7ocuklar\u0131m\u0131za bisiklet hediye ettik. Kitaplarla hayal d\u00fcnyalar\u0131n\u0131 zenginle\u015ftiren, bilgilenen, bak\u0131\u015f a\u00e7\u0131lar\u0131n\u0131 geni\u015fleten nesillere ihtiyac\u0131m\u0131z var. \u00c7ocuklar\u0131m\u0131z \u00fclkemizin, gelece\u011fimizin teminat\u0131. B\u00fcy\u00fck\u015fehir Belediye Ba\u015fkan\u0131m\u0131z Ahmet Aras\u2019a projedeki destekleri ve Mu\u011flam\u0131z i\u00e7in yapt\u0131klar\u0131 i\u00e7in te\u015fekk\u00fcr ediyorum.&#8221; dedi.<br \/>\n<br \/>&#8220;Ayd\u0131nl\u0131k yar\u0131nlar i\u00e7in bilgili, kendine g\u00fcvenen, ve d\u00fc\u015f\u00fcnen nesillere ihtiyac\u0131m\u0131z var&#8221;<br \/>\n<br \/>K\u0131y\u0131 Ege Belediyeler Birli\u011fi ve Mu\u011fla B\u00fcy\u00fck\u015fehir Belediye Ba\u015fkan\u0131 Ahmet Aras \u00e7ocuklar\u0131 okumaya te\u015fvik etmek i\u00e7in projeler \u00fcretmeye devam edeceklerini belirterek: &#8220;\u00c7ocuklar\u0131m\u0131za daha k\u00fc\u00e7\u00fck ya\u015flarda okuma al\u0131\u015fkanl\u0131\u011f\u0131 kazand\u0131rarak onlar\u0131n ara\u015ft\u0131ran, sorgulayan bireyler olmalar\u0131n\u0131 sa\u011flayabiliriz. Ayd\u0131nl\u0131k yar\u0131nlar i\u00e7in bilgili, kendine g\u00fcvenen, d\u00fc\u015f\u00fcnen nesillere ihtiyac\u0131m\u0131z var. B\u00fcy\u00fck\u015fehir Belediyesi olarak bilgiye, kitaplara, k\u00fct\u00fcphanelere ayr\u0131 bir \u00f6nem verirken \u00e7ocuklar\u0131m\u0131z\u0131 da kitap okumaya te\u015fvik etmek i\u00e7in projeler \u00fcretiyoruz. Kavakl\u0131dere Ortak\u00f6y Muhtar\u0131m\u0131z Filiz Tufan\u2019\u0131n \u00f6zverili \u00e7al\u0131\u015fmalar\u0131 ile a\u00e7\u0131lan Kavakl\u0131dere \u00c7ocuk K\u00fct\u00fcphanesi\u2019nde en fazla kitap okuyan evlatlar\u0131m\u0131za bisiklet hediye ettik. Muhtar\u0131m\u0131za bilgiye, \u00e7ocuklar\u0131m\u0131za verdi\u011fi \u00f6nem i\u00e7in te\u015fekk\u00fcr ediyorum. \u00d6zellikle yaz tatilinde olan \u00e7ocuklar\u0131m\u0131z\u0131n da kitap okumaya daha fazla zaman ay\u0131rmalar\u0131n\u0131, \u00e7a\u011f\u0131m\u0131z\u0131n al\u0131\u015fkanl\u0131\u011f\u0131 telefon, tablet gibi aletlere az zaman ay\u0131rmalar\u0131n\u0131 tavsiye ediyorum.&#8221; dedi.<br \/><\/p>\n","protected":false},"excerpt":{"rendered":"<p>Mu\u011fla B\u00fcy\u00fck\u015fehir Belediyesi &#8220;Kitaplara Yolculuk Sizden Bisikletiniz B\u00fcy\u00fck\u015fehirden&#8221; projesi \u00e7er\u00e7evesinde Kavakl\u0131dere \u0130l\u00e7esi \u00c7ocuk K\u00fct\u00fcphanesi\u2019nde kitap okuyan \u00e7ocuklara bisiklet hediye etti. Proje \u00e7er\u00e7evesinde kitap k\u00fct\u00fcphanede kitap okuyan 24 \u00e7ocuk yeni bisikletine kavu\u015ftu. Mu\u011fla B\u00fcy\u00fck\u015fehir Belediyesi, \u00f6zellikle \u00e7ocuklar\u0131n e\u011fitimine ve k\u00fclt\u00fcrel geli\u015fimine katk\u0131 sa\u011flayan projelere destek vermeyi s\u00fcrd\u00fcr\u00fcyor. Bu \u00e7er\u00e7evede B\u00fcy\u00fck\u015fehir Belediyesi ile Kavakl\u0131dere \u0130l\u00e7esi Ortak\u00f6y Mahalle&#8230;<\/p>\n","protected":false},"author":1,"featured_media":45389,"comment_status":"open","ping_status":"open","sticky":false,"template":"","format":"standard","meta":{"_crdt_document":"","footnotes":""},"categories":[1],"tags":[],"class_list":["post-45388","post","type-post","status-publish","format-standard","has-post-thumbnail","hentry","category-guncel"],"_links":{"self":[{"href":"https:\/\/www.egemtv.com\/index.php?rest_route=\/wp\/v2\/posts\/45388","targetHints":{"allow":["GET"]}}],"collection":[{"href":"https:\/\/www.egemtv.com\/index.php?rest_route=\/wp\/v2\/posts"}],"about":[{"href":"https:\/\/www.egemtv.com\/index.php?rest_route=\/wp\/v2\/types\/post"}],"author":[{"embeddable":true,"href":"https:\/\/www.egemtv.com\/index.php?rest_route=\/wp\/v2\/users\/1"}],"replies":[{"embeddable":true,"href":"https:\/\/www.egemtv.com\/index.php?rest_route=%2Fwp%2Fv2%2Fcomments&post=45388"}],"version-history":[{"count":1,"href":"https:\/\/www.egemtv.com\/index.php?rest_route=\/wp\/v2\/posts\/45388\/revisions"}],"predecessor-version":[{"id":45390,"href":"https:\/\/www.egemtv.com\/index.php?rest_route=\/wp\/v2\/posts\/45388\/revisions\/45390"}],"wp:featuredmedia":[{"embeddable":true,"href":"https:\/\/www.egemtv.com\/index.php?rest_route=\/wp\/v2\/media\/45389"}],"wp:attachment":[{"href":"https:\/\/www.egemtv.com\/index.php?rest_route=%2Fwp%2Fv2%2Fmedia&parent=45388"}],"wp:term":[{"taxonomy":"category","embeddable":true,"href":"https:\/\/www.egemtv.com\/index.php?rest_route=%2Fwp%2Fv2%2Fcategories&post=45388"},{"taxonomy":"post_tag","embeddable":true,"href":"https:\/\/www.egemtv.com\/index.php?rest_route=%2Fwp%2Fv2%2Ftags&post=45388"}],"curies":[{"name":"wp","href":"https:\/\/api.w.org\/{rel}","templated":true}]}}