{"id":45385,"date":"2025-07-29T14:35:47","date_gmt":"2025-07-29T11:35:47","guid":{"rendered":"https:\/\/www.egemtv.com\/?p=45385"},"modified":"2025-07-29T14:35:47","modified_gmt":"2025-07-29T11:35:47","slug":"ticari-aracla-carpisan-motosikletteki-yolcu-ve-surucu-agir-yaralandi","status":"publish","type":"post","link":"https:\/\/www.egemtv.com\/?p=45385","title":{"rendered":"Ticari ara\u00e7la \u00e7arp\u0131\u015fan motosikletteki yolcu ve s\u00fcr\u00fcc\u00fc a\u011f\u0131r yaraland\u0131"},"content":{"rendered":"<p>Ayd\u0131n\u2019\u0131n Efeler il\u00e7esinde motosiklet ile ticari arac\u0131n \u00e7arp\u0131\u015fmas\u0131 sonucu meydana gelen kazada 1\u2019i a\u011f\u0131r 2 ki\u015fi yaraland\u0131. Kaza an\u0131 ise bir i\u015f yerinin g\u00fcvenlik kameralar\u0131na anbean yans\u0131d\u0131.<br \/>\n<br \/>Kaza, Efeler il\u00e7esi Ata Mahallesi Magnesia Bulvar\u0131 \u00fczerinde meydana geldi. Edinilen bilgiye g\u00f6re E.Y. idaresindeki 09 APG 482 ticari ara\u00e7 ile B.U. y\u00f6netimindeki 09 ARM 338 plakal\u0131 motosiklet \u00e7arp\u0131\u015ft\u0131. \u00c7arp\u0131\u015fman\u0131n etkisiyle yola savrulan motosiklette s\u00fcr\u00fcc\u00fc B.U. (17) ile yan\u0131ndaki S.G. (17) a\u011f\u0131r yaraland\u0131. \u00c7evredekilerin ihbar\u0131 \u00fczerine b\u00f6lgeye polis ve sa\u011fl\u0131k ekipleri sevk edildi. Ekiplerin ilk m\u00fcdahalelerinin ard\u0131ndan ambulansla hastaneye kald\u0131r\u0131lan yaral\u0131lardan B.U.\u2019nun hayati tehlikesinin bulundu\u011fu \u00f6\u011frenildi.<br \/>\n<br \/>Kaza an\u0131 ise \u00e7evredeki bir i\u015f yerinin g\u00fcvenlik kameralar\u0131na anbean yans\u0131d\u0131. G\u00f6r\u00fcnt\u00fclerde ticari ara\u00e7 ile motosikletin kav\u015fakta \u00e7arp\u0131\u015fma anlar\u0131, kasks\u0131z 2 \u00e7ocu\u011fun \u00e7arpma an\u0131nda yola savrulmas\u0131 yer ald\u0131.<br \/>\n<br \/>Kaza ile ilgili inceleme ba\u015flat\u0131ld\u0131.<br \/><\/p>\n","protected":false},"excerpt":{"rendered":"<p>Ayd\u0131n\u2019\u0131n Efeler il\u00e7esinde motosiklet ile ticari arac\u0131n \u00e7arp\u0131\u015fmas\u0131 sonucu meydana gelen kazada 1\u2019i a\u011f\u0131r 2 ki\u015fi yaraland\u0131. Kaza an\u0131 ise bir i\u015f yerinin g\u00fcvenlik kameralar\u0131na anbean yans\u0131d\u0131. Kaza, Efeler il\u00e7esi Ata Mahallesi Magnesia Bulvar\u0131 \u00fczerinde meydana geldi. Edinilen bilgiye g\u00f6re E.Y. idaresindeki 09 APG 482 ticari ara\u00e7 ile B.U. y\u00f6netimindeki 09 ARM 338 plakal\u0131 motosiklet&#8230;<\/p>\n","protected":false},"author":1,"featured_media":45386,"comment_status":"open","ping_status":"open","sticky":false,"template":"","format":"standard","meta":{"_crdt_document":"","footnotes":""},"categories":[5],"tags":[],"class_list":["post-45385","post","type-post","status-publish","format-standard","has-post-thumbnail","hentry","category-asayis"],"_links":{"self":[{"href":"https:\/\/www.egemtv.com\/index.php?rest_route=\/wp\/v2\/posts\/45385","targetHints":{"allow":["GET"]}}],"collection":[{"href":"https:\/\/www.egemtv.com\/index.php?rest_route=\/wp\/v2\/posts"}],"about":[{"href":"https:\/\/www.egemtv.com\/index.php?rest_route=\/wp\/v2\/types\/post"}],"author":[{"embeddable":true,"href":"https:\/\/www.egemtv.com\/index.php?rest_route=\/wp\/v2\/users\/1"}],"replies":[{"embeddable":true,"href":"https:\/\/www.egemtv.com\/index.php?rest_route=%2Fwp%2Fv2%2Fcomments&post=45385"}],"version-history":[{"count":1,"href":"https:\/\/www.egemtv.com\/index.php?rest_route=\/wp\/v2\/posts\/45385\/revisions"}],"predecessor-version":[{"id":45387,"href":"https:\/\/www.egemtv.com\/index.php?rest_route=\/wp\/v2\/posts\/45385\/revisions\/45387"}],"wp:featuredmedia":[{"embeddable":true,"href":"https:\/\/www.egemtv.com\/index.php?rest_route=\/wp\/v2\/media\/45386"}],"wp:attachment":[{"href":"https:\/\/www.egemtv.com\/index.php?rest_route=%2Fwp%2Fv2%2Fmedia&parent=45385"}],"wp:term":[{"taxonomy":"category","embeddable":true,"href":"https:\/\/www.egemtv.com\/index.php?rest_route=%2Fwp%2Fv2%2Fcategories&post=45385"},{"taxonomy":"post_tag","embeddable":true,"href":"https:\/\/www.egemtv.com\/index.php?rest_route=%2Fwp%2Fv2%2Ftags&post=45385"}],"curies":[{"name":"wp","href":"https:\/\/api.w.org\/{rel}","templated":true}]}}