{"id":45382,"date":"2025-07-29T14:14:57","date_gmt":"2025-07-29T11:14:57","guid":{"rendered":"https:\/\/www.egemtv.com\/?p=45382"},"modified":"2025-07-29T14:14:57","modified_gmt":"2025-07-29T11:14:57","slug":"dumansiz-turkiye-hedefi-icin-manisada-kararlilik-suruyor","status":"publish","type":"post","link":"https:\/\/www.egemtv.com\/?p=45382","title":{"rendered":"\u2019Dumans\u0131z T\u00fcrkiye\u2019 hedefi i\u00e7in Manisa\u2019da kararl\u0131l\u0131k s\u00fcr\u00fcyor"},"content":{"rendered":"<p>Manisa \u0130l Sa\u011fl\u0131k M\u00fcd\u00fcr\u00fc Uzm. Dr. Mehmet Fatih Zeren, Dumans\u0131z T\u00fcrkiye hedefi kapsam\u0131nda il genelinde y\u00fcr\u00fct\u00fclen m\u00fccadeleye ili\u015fkin a\u00e7\u0131klamalarda bulundu. 2025 y\u0131l\u0131n\u0131n ilk 6 ay\u0131nda sigara b\u0131rakma polikliniklerine 2 bin 865 ki\u015finin ba\u015fvurdu\u011funu a\u00e7\u0131klayan Zeren, bu s\u00fcre\u00e7te 352 vatanda\u015f\u0131n sigaray\u0131 tamamen b\u0131rakt\u0131\u011f\u0131n\u0131 ve \u00fccretsiz ila\u00e7 deste\u011fiyle s\u00fcrecin ba\u015far\u0131yla s\u00fcrd\u00fcr\u00fcld\u00fc\u011f\u00fcn\u00fc belirtti.<br \/>\n<br \/>Manisa \u0130l Sa\u011fl\u0131k M\u00fcd\u00fcr\u00fc Uzm. Dr. Mehmet Fatih Zeren, \u015eehzadeler \u0130l\u00e7e Sa\u011fl\u0131k M\u00fcd\u00fcrl\u00fc\u011f\u00fc \u00f6n\u00fcnde kurulan stantta, Manisa\u2019daki sigara b\u0131rakma verileri ile ilgili a\u00e7\u0131klamalarda bulundu.<br \/>\n<br \/>Sigara b\u0131rakma hizmetlerinin Manisa\u2019da 17\u2019si hastanelerde, 4\u2019\u00fc Sa\u011fl\u0131kl\u0131 Hayat Merkezlerinde ve 1\u2019i \u0130l\u00e7e Sa\u011fl\u0131k M\u00fcd\u00fcrl\u00fc\u011f\u00fc b\u00fcnyesinde olmak \u00fczere toplam 22 ayr\u0131 merkezde verildi\u011fini vurgulayan Zeren, Sa\u011fl\u0131kl\u0131 Hayat Merkezlerinin de hem sigara b\u0131rakma hem de sa\u011fl\u0131kl\u0131 ya\u015fam al\u0131\u015fkanl\u0131klar\u0131n\u0131n kazand\u0131r\u0131lmas\u0131nda \u00f6nemli rol \u00fcstlendi\u011fini ifade etti.<\/p>\n<p>Son 6 ayda 354 ki\u015fi sigaray\u0131 b\u0131rakt\u0131<br \/>\n<br \/>Dumans\u0131z T\u00fcrkiye kapsam\u0131nda etkinliklerini s\u00fcrd\u00fcrd\u00fcklerini kaydeden Zeren, &#8220;D\u00fcnya genelinde ve \u00fclkemizde sigara kullanma hem toplumu hem de bireysel sa\u011fl\u0131\u011f\u0131 b\u00fcy\u00fck oranda tehdit etmekte. Biz de bu ama\u00e7la sigaray\u0131 b\u0131rakma y\u00f6n\u00fcnde toplumu dumans\u0131z bir hava sahas\u0131na kavu\u015fturma \u00e7al\u0131\u015fmalar\u0131m\u0131z\u0131 t\u00fcm h\u0131z\u0131yla s\u00fcrd\u00fcrmekteyiz. B\u00fct\u00fcn hastanelerimizde, il\u00e7e sa\u011fl\u0131k m\u00fcd\u00fcrl\u00fcklerimizde ve sa\u011fl\u0131kl\u0131 hayat merkezlerimizde sigara b\u0131rakma polikliniklerimiz var. Bu polikliniklerde davran\u0131\u015f tedavileri yan\u0131 s\u0131ra \u00fccretsiz ila\u00e7 terapisi de verilmektedir. Bu y\u0131l i\u00e7erisinde yakla\u015f\u0131k 3 bin hastam\u0131z polikliniklerimizde m\u00fcracaat etmi\u015f. Bu konuda uzman ki\u015filerden hem davran\u0131\u015f hem de ila\u00e7 tedavisi alm\u0131\u015flard\u0131r. \u0130la\u00e7 tedavisi verilen 1.860 hastam\u0131z bulunmaktad\u0131r. Bu hastalar\u0131m\u0131z\u0131n da 354 tanesi sigaradan ar\u0131nm\u0131\u015f bir \u015fekilde hayat\u0131na devam etmektedir. Sa\u011fl\u0131kl\u0131 Hayat Merkezlerimizde sigara b\u0131rakma polikliniklerinin d\u0131\u015f\u0131nda KETEM dedi\u011fimiz kanser taramalar\u0131m\u0131z, psikolog deste\u011fimiz, fizyoterapist deste\u011fimiz, \u00e7ocuk geli\u015fimcisi, ayn\u0131 zamanda diyetisyen bulunmakta. Bunlar\u0131n hepsinin gayesi toplumumuzu daha sa\u011fl\u0131kl\u0131 bir hale getirebilmek. Sa\u011fl\u0131kl\u0131 Hayat Merkezlerimiz ilimiz genelinde \u015fu an 4 tane ile hizmet vermekte. Ancak \u00f6n\u00fcm\u00fczdeki haftalar i\u00e7erisinde Yunusemre il\u00e7emize bir tane a\u00e7aca\u011f\u0131z. Yunusemre il\u00e7emizde in\u015faat\u0131 devam eden bir tane daha var. Bu y\u0131l sonuna kadar Salihli \u0130l\u00e7e Sa\u011fl\u0131k M\u00fcd\u00fcrl\u00fc\u011f\u00fc b\u00fcnyesindeki Sa\u011fl\u0131kl\u0131 Hayat Merkezi\u2019mizi de toplumumuza kazand\u0131raca\u011f\u0131z in\u015fallah.&#8221; dedi.<\/p>\n<p>&#8220;Manisa\u2019da 353 i\u015fletmeye 10 milyon ceza&#8221;<br \/>\n<br \/>&#8220;Sa\u011fl\u0131k Bakanl\u0131\u011f\u0131m\u0131z\u0131n da s\u00f6yledi\u011fi gibi sa\u011fl\u0131\u011f\u0131n korunmas\u0131 ve geli\u015ftirilmesi a\u00e7\u0131s\u0131ndan Sa\u011fl\u0131kl\u0131 Hayat Merkezlerimizi vatanda\u015flar\u0131m\u0131z\u0131n kullanmas\u0131 b\u00fcy\u00fck bir \u00f6nem arz etmekte.&#8221; diyen Zeren, &#8220;Sigara ba\u011f\u0131ml\u0131l\u0131\u011f\u0131yla m\u00fccadele kapsam\u0131nda denetimlerimizde t\u00fcm h\u0131z\u0131yla s\u00fcrmekte. 2025 y\u0131l\u0131 i\u00e7erisinde toplam 53 bin denetim ger\u00e7ekle\u015ftirildi ve bunlar\u0131n 10 bin 500 tanesi \u00e7apraz denetim. \u00c7apraz denetimlerimiz bakanl\u0131\u011f\u0131m\u0131z\u0131n yeni bir uygulamas\u0131 ve di\u011fer illerin bizim ilimizi denetlemesi. Ayn\u0131 zamanda bizim ilimizde di\u011fer illeri denetlemekte. 353 i\u015fletmeye yakla\u015f\u0131k 10 milyon lira civar\u0131nda cezai i\u015flem uygulanm\u0131\u015ft\u0131r. Dumans\u0131z T\u00fcrkiye ve Dumans\u0131z Hava Sahas\u0131 i\u00e7in \u00e7al\u0131\u015fmalar\u0131m\u0131z\u0131 t\u00fcm h\u0131z\u0131yla s\u00fcrd\u00fcrmekteyiz.&#8221; \u015feklinde konu\u015ftu.<\/p>\n<p>&#8220;Sigaray\u0131 b\u0131rakt\u0131m, daha \u00f6zg\u00fcr\u00fcm&#8221;<br \/>\n<br \/>&#8220;Poliklinikler sayesinde sigaray\u0131 b\u0131rakt\u0131\u011f\u0131n\u0131 a\u00e7\u0131klayan Asl\u0131han isimli bir vatanda\u015f ise \u015funlar\u0131 s\u00f6yledi: &#8220;43 ya\u015f\u0131nday\u0131m ve 28 y\u0131l boyunca sigaran\u0131n ba\u011f\u0131ml\u0131l\u0131\u011f\u0131yla m\u00fccadele ettim. \u015eehzadeler \u0130l\u00e7e Sa\u011fl\u0131k Merkezi\u2019nin kamu kurumlar\u0131yla ger\u00e7ekle\u015ftirdi\u011fi sigaray\u0131 b\u0131rakma e\u011fitimlerine kat\u0131larak ben de sigaray\u0131 b\u0131rakmaya karar verdim. 1 May\u0131s itibariyle m\u00fcd\u00fcrl\u00fc\u011f\u00fcm\u00fcze gelerek sigara b\u0131rakma poliklini\u011fi ile g\u00f6r\u00fc\u015ft\u00fcm ve bana ila\u00e7 temininde bulundular. Nas\u0131l kullanmam gerekti\u011fi anlat\u0131ld\u0131. Personelimiz \u00e7ok g\u00fcler y\u00fczl\u00fc, \u00e7ok ilgili. \u0130la\u00e7lara ba\u015flad\u0131m ve 4. g\u00fcn sigaray\u0131 b\u0131rakt\u0131m. B\u0131rakt\u0131\u011f\u0131m ilk g\u00fcn fark etti\u011fim \u015fu daha \u00f6zg\u00fcr bir alan. \u00c7\u00fcnk\u00fc sigara i\u00e7erken gitti\u011finiz yerlerde i\u015fte sigara i\u00e7ilir mi? Yan\u0131nda yeterince sigara var m\u0131? \u00c7akma\u011f\u0131m var m\u0131? Bunlar\u0131 d\u00fc\u015f\u00fcn\u00fcyorsunuz. Sigaray\u0131 b\u0131rakt\u0131\u011f\u0131n\u0131z zaman hepsinden kurtuluyorsunuz ve daha \u00f6zg\u00fcr daha sa\u011fl\u0131kl\u0131 bir ya\u015fama kavu\u015fuyorsunuz. Sigara i\u00e7me iste\u011fi duydu\u011fum zaman hobilerimle ilgilendim. Resim yapt\u0131m, kitap okudum, m\u00fczik dinledim, kalkt\u0131m m\u00fczik dinlerken oynad\u0131m, yemek yapt\u0131m, balkona \u00e7\u0131kt\u0131m, gelen ge\u00e7eni izledim. Bu istek, a\u015f\u0131lamayacak bir istek de\u011fil zaten. Kendinizi ne kadar motive ederseniz o kadar kolay a\u015fman\u0131z m\u00fcmk\u00fcn. Sigaray\u0131 b\u0131rakmak konusunda bunu yar\u0131n yapar\u0131m diye bir \u015fey yok. G\u00fcn bug\u00fcn ve sa\u011fl\u0131kl\u0131 hayat merkezlerimizde \u00e7al\u0131\u015fan personelimiz zaten size her konuda yard\u0131mc\u0131 oluyor. \u00dccretsiz olarak bu yard\u0131m ger\u00e7ekle\u015ftiriliyor. Size ila\u00e7 \u00fccretsiz olarak veriliyor ve hani her konuda deste\u011fi sa\u011fl\u0131yorlar. O y\u00fczden herkese sigaray\u0131 b\u0131rakmak i\u00e7in sa\u011fl\u0131kl\u0131 hayat merkezine bekliyoruz. Bu hizmetlerin bize ula\u015fmas\u0131n\u0131 sa\u011flayan sa\u011fl\u0131k bakan\u0131m\u0131z, il sa\u011fl\u0131k m\u00fcd\u00fcr\u00fcm\u00fcz, eme\u011fi ge\u00e7en b\u00fct\u00fcn arkada\u015flar\u0131ma sonsuz te\u015fekk\u00fcrlerimi sunuyorum. Sigaray\u0131 b\u0131rakt\u0131m. Daha \u00f6zg\u00fcr\u00fcm, daha g\u00fczelim ve daha temiz kokuyorum.&#8221;<br \/><\/p>\n","protected":false},"excerpt":{"rendered":"<p>Manisa \u0130l Sa\u011fl\u0131k M\u00fcd\u00fcr\u00fc Uzm. Dr. Mehmet Fatih Zeren, Dumans\u0131z T\u00fcrkiye hedefi kapsam\u0131nda il genelinde y\u00fcr\u00fct\u00fclen m\u00fccadeleye ili\u015fkin a\u00e7\u0131klamalarda bulundu. 2025 y\u0131l\u0131n\u0131n ilk 6 ay\u0131nda sigara b\u0131rakma polikliniklerine 2 bin 865 ki\u015finin ba\u015fvurdu\u011funu a\u00e7\u0131klayan Zeren, bu s\u00fcre\u00e7te 352 vatanda\u015f\u0131n sigaray\u0131 tamamen b\u0131rakt\u0131\u011f\u0131n\u0131 ve \u00fccretsiz ila\u00e7 deste\u011fiyle s\u00fcrecin ba\u015far\u0131yla s\u00fcrd\u00fcr\u00fcld\u00fc\u011f\u00fcn\u00fc belirtti. Manisa \u0130l Sa\u011fl\u0131k M\u00fcd\u00fcr\u00fc Uzm&#8230;.<\/p>\n","protected":false},"author":1,"featured_media":45383,"comment_status":"open","ping_status":"open","sticky":false,"template":"","format":"standard","meta":{"_crdt_document":"","footnotes":""},"categories":[2],"tags":[],"class_list":["post-45382","post","type-post","status-publish","format-standard","has-post-thumbnail","hentry","category-saglik"],"_links":{"self":[{"href":"https:\/\/www.egemtv.com\/index.php?rest_route=\/wp\/v2\/posts\/45382","targetHints":{"allow":["GET"]}}],"collection":[{"href":"https:\/\/www.egemtv.com\/index.php?rest_route=\/wp\/v2\/posts"}],"about":[{"href":"https:\/\/www.egemtv.com\/index.php?rest_route=\/wp\/v2\/types\/post"}],"author":[{"embeddable":true,"href":"https:\/\/www.egemtv.com\/index.php?rest_route=\/wp\/v2\/users\/1"}],"replies":[{"embeddable":true,"href":"https:\/\/www.egemtv.com\/index.php?rest_route=%2Fwp%2Fv2%2Fcomments&post=45382"}],"version-history":[{"count":1,"href":"https:\/\/www.egemtv.com\/index.php?rest_route=\/wp\/v2\/posts\/45382\/revisions"}],"predecessor-version":[{"id":45384,"href":"https:\/\/www.egemtv.com\/index.php?rest_route=\/wp\/v2\/posts\/45382\/revisions\/45384"}],"wp:featuredmedia":[{"embeddable":true,"href":"https:\/\/www.egemtv.com\/index.php?rest_route=\/wp\/v2\/media\/45383"}],"wp:attachment":[{"href":"https:\/\/www.egemtv.com\/index.php?rest_route=%2Fwp%2Fv2%2Fmedia&parent=45382"}],"wp:term":[{"taxonomy":"category","embeddable":true,"href":"https:\/\/www.egemtv.com\/index.php?rest_route=%2Fwp%2Fv2%2Fcategories&post=45382"},{"taxonomy":"post_tag","embeddable":true,"href":"https:\/\/www.egemtv.com\/index.php?rest_route=%2Fwp%2Fv2%2Ftags&post=45382"}],"curies":[{"name":"wp","href":"https:\/\/api.w.org\/{rel}","templated":true}]}}