{"id":45379,"date":"2025-07-29T13:55:04","date_gmt":"2025-07-29T10:55:04","guid":{"rendered":"https:\/\/www.egemtv.com\/?p=45379"},"modified":"2025-07-29T13:55:05","modified_gmt":"2025-07-29T10:55:05","slug":"adudeki-adaletsizligin-giderilmesi-icin-ankarada-eyleme-katildilar","status":"publish","type":"post","link":"https:\/\/www.egemtv.com\/?p=45379","title":{"rendered":"AD\u00dc\u2019deki adaletsizli\u011fin giderilmesi i\u00e7in Ankara\u2019da eyleme kat\u0131ld\u0131lar"},"content":{"rendered":"<p>\u00dcniversite \u0130dari Personel Sendikas\u0131 (\u00dcN\u0130PERSEN) Y\u00fcksek\u00f6\u011fretim kurumlar\u0131nda akademik ve idari personel aras\u0131nda ya\u015fanan &#8220;Y\u00fcksek\u00f6\u011fretim tazminat\u0131\u2019nda&#8221; adaletin sa\u011flanmas\u0131 amac\u0131yla \u00c7al\u0131\u015fma ve Sosyal G\u00fcvenlik Bakanl\u0131\u011f\u0131 \u00f6n\u00fcnde eylem yapt\u0131.<br \/>\n<br \/>\u00c7ok say\u0131da Sendika temsilcisinin kat\u0131ld\u0131\u011f\u0131 etkinlikte konu\u015fan \u00dcN\u0130PERSEN Ayd\u0131n \u0130l Temsilcisi Mesud T\u00fcrky\u0131lmaz, 2014 y\u0131l\u0131ndan beri b\u00fcy\u00fck bir adaletsizlikle kar\u015f\u0131 kar\u015f\u0131ya olduklar\u0131n\u0131 ifade ederek akademik ve idari personel aras\u0131nda ayr\u0131mc\u0131l\u0131k yap\u0131ld\u0131\u011f\u0131na dikkat \u00e7ekti. T\u00fcrky\u0131lmaz, &#8220;2014 y\u0131l\u0131nda, 2914 say\u0131l\u0131 Y\u00fcksek\u00f6\u011fretim Personel Kanunu\u2019na eklenen Ek Madde 3 ile \u00fcniversitelerde g\u00f6rev yapan akademik personele, unvanlar\u0131na g\u00f6re y\u00fczde 100  ila y\u00fczde 115 oran\u0131nda y\u00fcksek\u00f6\u011fretim tazminat\u0131 \u00f6denmeye ba\u015flanm\u0131\u015ft\u0131r. Ancak, ayn\u0131 kurumlarda gece g\u00fcnd\u00fcz fedakarca g\u00f6rev yapan idari personelimiz bu haktan tamamen mahrum b\u0131rak\u0131lm\u0131\u015ft\u0131r. Bu tazminat sadece ekonomik bir talep de\u011fil, ayn\u0131 zamanda kurumsal adaletin, e\u015fitli\u011fin ve hakkaniyetin bir gere\u011fidir. \u00dcniversitelerde ger\u00e7ek anlamda adalet tesis edilebilmesi, t\u00fcm personelin eme\u011fine e\u015fit de\u011fer verilmesiyle m\u00fcmk\u00fcn olacakt\u0131r.&#8221; diye konu\u015ftu.<br \/>\n<br \/>Bu ayr\u0131mc\u0131l\u0131\u011f\u0131n sadece ekonomik de\u011fil ayn\u0131 zamanda moral ve motivasyon kayb\u0131na da yol a\u00e7t\u0131\u011f\u0131n\u0131, \u00fcniversite \u00e7al\u0131\u015fanlar\u0131 aras\u0131nda derin ayr\u0131\u015fmalara ve i\u015f verimlili\u011finde d\u00fc\u015f\u00fc\u015fe neden oldu\u011funu ifade eden T\u00fcrky\u0131lmaz, \u00c7al\u0131\u015fma ve Sosyal G\u00fcvenlik Bakanl\u0131\u011f\u0131 ile Y\u00fcksek\u00f6\u011fretim Kurulu\u2019nu bu konuda sorumluluk almaya, somut ad\u0131mlar atmaya davet etti.<br \/><\/p>\n","protected":false},"excerpt":{"rendered":"<p>\u00dcniversite \u0130dari Personel Sendikas\u0131 (\u00dcN\u0130PERSEN) Y\u00fcksek\u00f6\u011fretim kurumlar\u0131nda akademik ve idari personel aras\u0131nda ya\u015fanan &#8220;Y\u00fcksek\u00f6\u011fretim tazminat\u0131\u2019nda&#8221; adaletin sa\u011flanmas\u0131 amac\u0131yla \u00c7al\u0131\u015fma ve Sosyal G\u00fcvenlik Bakanl\u0131\u011f\u0131 \u00f6n\u00fcnde eylem yapt\u0131. \u00c7ok say\u0131da Sendika temsilcisinin kat\u0131ld\u0131\u011f\u0131 etkinlikte konu\u015fan \u00dcN\u0130PERSEN Ayd\u0131n \u0130l Temsilcisi Mesud T\u00fcrky\u0131lmaz, 2014 y\u0131l\u0131ndan beri b\u00fcy\u00fck bir adaletsizlikle kar\u015f\u0131 kar\u015f\u0131ya olduklar\u0131n\u0131 ifade ederek akademik ve idari personel aras\u0131nda&#8230;<\/p>\n","protected":false},"author":1,"featured_media":45380,"comment_status":"open","ping_status":"open","sticky":false,"template":"","format":"standard","meta":{"_crdt_document":"","footnotes":""},"categories":[1],"tags":[],"class_list":["post-45379","post","type-post","status-publish","format-standard","has-post-thumbnail","hentry","category-guncel"],"_links":{"self":[{"href":"https:\/\/www.egemtv.com\/index.php?rest_route=\/wp\/v2\/posts\/45379","targetHints":{"allow":["GET"]}}],"collection":[{"href":"https:\/\/www.egemtv.com\/index.php?rest_route=\/wp\/v2\/posts"}],"about":[{"href":"https:\/\/www.egemtv.com\/index.php?rest_route=\/wp\/v2\/types\/post"}],"author":[{"embeddable":true,"href":"https:\/\/www.egemtv.com\/index.php?rest_route=\/wp\/v2\/users\/1"}],"replies":[{"embeddable":true,"href":"https:\/\/www.egemtv.com\/index.php?rest_route=%2Fwp%2Fv2%2Fcomments&post=45379"}],"version-history":[{"count":1,"href":"https:\/\/www.egemtv.com\/index.php?rest_route=\/wp\/v2\/posts\/45379\/revisions"}],"predecessor-version":[{"id":45381,"href":"https:\/\/www.egemtv.com\/index.php?rest_route=\/wp\/v2\/posts\/45379\/revisions\/45381"}],"wp:featuredmedia":[{"embeddable":true,"href":"https:\/\/www.egemtv.com\/index.php?rest_route=\/wp\/v2\/media\/45380"}],"wp:attachment":[{"href":"https:\/\/www.egemtv.com\/index.php?rest_route=%2Fwp%2Fv2%2Fmedia&parent=45379"}],"wp:term":[{"taxonomy":"category","embeddable":true,"href":"https:\/\/www.egemtv.com\/index.php?rest_route=%2Fwp%2Fv2%2Fcategories&post=45379"},{"taxonomy":"post_tag","embeddable":true,"href":"https:\/\/www.egemtv.com\/index.php?rest_route=%2Fwp%2Fv2%2Ftags&post=45379"}],"curies":[{"name":"wp","href":"https:\/\/api.w.org\/{rel}","templated":true}]}}