{"id":45376,"date":"2025-07-29T13:34:58","date_gmt":"2025-07-29T10:34:58","guid":{"rendered":"https:\/\/www.egemtv.com\/?p=45376"},"modified":"2025-07-29T13:34:59","modified_gmt":"2025-07-29T10:34:59","slug":"koycegizde-kick-boks-sampiyonasi-yapildi","status":"publish","type":"post","link":"https:\/\/www.egemtv.com\/?p=45376","title":{"rendered":"K\u00f6yce\u011fiz\u2019de kick boks \u015fampiyonas\u0131 yap\u0131ld\u0131"},"content":{"rendered":"<p>Mu\u011fla\u2019n\u0131n K\u00f6yce\u011fiz \u0130l\u00e7esinde d\u00fczenlenen kick boks \u015fampiyonas\u0131 madalya t\u00f6reni ile tamamland\u0131.<br \/>\n<br \/>Mu\u011fla Gen\u00e7lik ve Spor \u0130l M\u00fcd\u00fcrl\u00fc\u011f\u00fc taraf\u0131ndan d\u00fczenlenen kick boks \u015fampiyonas\u0131 K\u00f6yce\u011fiz Kapal\u0131 Spor Salonunda ger\u00e7ekle\u015ftirildi. \u015eampiyonada sporcular k\u0131yas\u0131ya m\u00fccadele etti. K\u00f6yce\u011fiz Kaymakam\u0131 Mert Kumcu, Mu\u011fla Gen\u00e7lik ve Spor \u0130l M\u00fcd\u00fcrl\u00fc\u011f\u00fc taraf\u0131ndan 15 Temmuz Demokrasi ve Milli Birlik G\u00fcn\u00fc etkinlikleri \u00e7er\u00e7evesinde K\u00f6yce\u011fiz Kapal\u0131 Spor Salonu\u2019nda ger\u00e7ekle\u015ftirilen kick boks \u015fampiyonas\u0131 m\u00fcsabakalar\u0131n\u0131 izleyerek dereceye giren sporculara madalyalar\u0131n\u0131 takdim etti. Kaymakam Kumcu, m\u00fcsabakalara kat\u0131lan t\u00fcm sporcular\u0131 tebrik ederek organizasyonda eme\u011fi ge\u00e7enlere te\u015fekk\u00fcr etti.<br \/><\/p>\n","protected":false},"excerpt":{"rendered":"<p>Mu\u011fla\u2019n\u0131n K\u00f6yce\u011fiz \u0130l\u00e7esinde d\u00fczenlenen kick boks \u015fampiyonas\u0131 madalya t\u00f6reni ile tamamland\u0131. Mu\u011fla Gen\u00e7lik ve Spor \u0130l M\u00fcd\u00fcrl\u00fc\u011f\u00fc taraf\u0131ndan d\u00fczenlenen kick boks \u015fampiyonas\u0131 K\u00f6yce\u011fiz Kapal\u0131 Spor Salonunda ger\u00e7ekle\u015ftirildi. \u015eampiyonada sporcular k\u0131yas\u0131ya m\u00fccadele etti. K\u00f6yce\u011fiz Kaymakam\u0131 Mert Kumcu, Mu\u011fla Gen\u00e7lik ve Spor \u0130l M\u00fcd\u00fcrl\u00fc\u011f\u00fc taraf\u0131ndan 15 Temmuz Demokrasi ve Milli Birlik G\u00fcn\u00fc etkinlikleri \u00e7er\u00e7evesinde K\u00f6yce\u011fiz Kapal\u0131 Spor&#8230;<\/p>\n","protected":false},"author":1,"featured_media":45377,"comment_status":"open","ping_status":"open","sticky":false,"template":"","format":"standard","meta":{"_crdt_document":"","footnotes":""},"categories":[4],"tags":[],"class_list":["post-45376","post","type-post","status-publish","format-standard","has-post-thumbnail","hentry","category-spor"],"_links":{"self":[{"href":"https:\/\/www.egemtv.com\/index.php?rest_route=\/wp\/v2\/posts\/45376","targetHints":{"allow":["GET"]}}],"collection":[{"href":"https:\/\/www.egemtv.com\/index.php?rest_route=\/wp\/v2\/posts"}],"about":[{"href":"https:\/\/www.egemtv.com\/index.php?rest_route=\/wp\/v2\/types\/post"}],"author":[{"embeddable":true,"href":"https:\/\/www.egemtv.com\/index.php?rest_route=\/wp\/v2\/users\/1"}],"replies":[{"embeddable":true,"href":"https:\/\/www.egemtv.com\/index.php?rest_route=%2Fwp%2Fv2%2Fcomments&post=45376"}],"version-history":[{"count":1,"href":"https:\/\/www.egemtv.com\/index.php?rest_route=\/wp\/v2\/posts\/45376\/revisions"}],"predecessor-version":[{"id":45378,"href":"https:\/\/www.egemtv.com\/index.php?rest_route=\/wp\/v2\/posts\/45376\/revisions\/45378"}],"wp:featuredmedia":[{"embeddable":true,"href":"https:\/\/www.egemtv.com\/index.php?rest_route=\/wp\/v2\/media\/45377"}],"wp:attachment":[{"href":"https:\/\/www.egemtv.com\/index.php?rest_route=%2Fwp%2Fv2%2Fmedia&parent=45376"}],"wp:term":[{"taxonomy":"category","embeddable":true,"href":"https:\/\/www.egemtv.com\/index.php?rest_route=%2Fwp%2Fv2%2Fcategories&post=45376"},{"taxonomy":"post_tag","embeddable":true,"href":"https:\/\/www.egemtv.com\/index.php?rest_route=%2Fwp%2Fv2%2Ftags&post=45376"}],"curies":[{"name":"wp","href":"https:\/\/api.w.org\/{rel}","templated":true}]}}