{"id":44967,"date":"2025-07-27T16:54:39","date_gmt":"2025-07-27T13:54:39","guid":{"rendered":"https:\/\/www.egemtv.com\/?p=44967"},"modified":"2025-07-27T16:54:40","modified_gmt":"2025-07-27T13:54:40","slug":"zirai-yangina-havadan-ve-karadan-buyuk-mucadele","status":"publish","type":"post","link":"https:\/\/www.egemtv.com\/?p=44967","title":{"rendered":"Zirai yang\u0131na havadan ve karadan b\u00fcy\u00fck m\u00fccadele"},"content":{"rendered":"<p>Ayd\u0131n\u2019\u0131n Efeler il\u00e7esinde zirai alanda meydana gelen yang\u0131n\u0131 kontrol alt\u0131na alabilmek i\u00e7in ekiplerin m\u00fcdahalesi devam ediyor.<br \/>\n<br \/>Yang\u0131n, k\u0131rsal Y\u0131lmazk\u00f6y Mahallesi\u2019nin \u00fcst k\u0131sm\u0131nda meydana geldi. Edinilen bilgiye g\u00f6re, b\u00f6lgedeki zirai alandan alanda hen\u00fcz bilinmeyen bir nedenle y\u00fckselen alevleri fark eden vatanda\u015flar durumu 112 Acil \u00c7a\u011fr\u0131 Merkezi\u2019ne bildirdi. \u0130hbar \u00fczerine b\u00f6lgeye ekipler sevk edildi. K\u0131sa s\u00fcrede olay yerine gelen Ayd\u0131n B\u00fcy\u00fck\u015fehir Belediyesi \u0130tfaiye Daire Ba\u015fkanl\u0131\u011f\u0131 ve Mu\u011fla Orman B\u00f6lge M\u00fcd\u00fcrl\u00fc\u011f\u00fc ekipleri alevlere karadan m\u00fcdahale ederken, hava ara\u00e7lar\u0131 da sortileri ile ekiplere havadan destek vermeye devam ediyor.<br \/><\/p>\n","protected":false},"excerpt":{"rendered":"<p>Ayd\u0131n\u2019\u0131n Efeler il\u00e7esinde zirai alanda meydana gelen yang\u0131n\u0131 kontrol alt\u0131na alabilmek i\u00e7in ekiplerin m\u00fcdahalesi devam ediyor. Yang\u0131n, k\u0131rsal Y\u0131lmazk\u00f6y Mahallesi\u2019nin \u00fcst k\u0131sm\u0131nda meydana geldi. Edinilen bilgiye g\u00f6re, b\u00f6lgedeki zirai alandan alanda hen\u00fcz bilinmeyen bir nedenle y\u00fckselen alevleri fark eden vatanda\u015flar durumu 112 Acil \u00c7a\u011fr\u0131 Merkezi\u2019ne bildirdi. \u0130hbar \u00fczerine b\u00f6lgeye ekipler sevk edildi. K\u0131sa s\u00fcrede olay&#8230;<\/p>\n","protected":false},"author":1,"featured_media":44968,"comment_status":"open","ping_status":"open","sticky":false,"template":"","format":"standard","meta":{"_crdt_document":"","footnotes":""},"categories":[5],"tags":[],"class_list":["post-44967","post","type-post","status-publish","format-standard","has-post-thumbnail","hentry","category-asayis"],"_links":{"self":[{"href":"https:\/\/www.egemtv.com\/index.php?rest_route=\/wp\/v2\/posts\/44967","targetHints":{"allow":["GET"]}}],"collection":[{"href":"https:\/\/www.egemtv.com\/index.php?rest_route=\/wp\/v2\/posts"}],"about":[{"href":"https:\/\/www.egemtv.com\/index.php?rest_route=\/wp\/v2\/types\/post"}],"author":[{"embeddable":true,"href":"https:\/\/www.egemtv.com\/index.php?rest_route=\/wp\/v2\/users\/1"}],"replies":[{"embeddable":true,"href":"https:\/\/www.egemtv.com\/index.php?rest_route=%2Fwp%2Fv2%2Fcomments&post=44967"}],"version-history":[{"count":1,"href":"https:\/\/www.egemtv.com\/index.php?rest_route=\/wp\/v2\/posts\/44967\/revisions"}],"predecessor-version":[{"id":44969,"href":"https:\/\/www.egemtv.com\/index.php?rest_route=\/wp\/v2\/posts\/44967\/revisions\/44969"}],"wp:featuredmedia":[{"embeddable":true,"href":"https:\/\/www.egemtv.com\/index.php?rest_route=\/wp\/v2\/media\/44968"}],"wp:attachment":[{"href":"https:\/\/www.egemtv.com\/index.php?rest_route=%2Fwp%2Fv2%2Fmedia&parent=44967"}],"wp:term":[{"taxonomy":"category","embeddable":true,"href":"https:\/\/www.egemtv.com\/index.php?rest_route=%2Fwp%2Fv2%2Fcategories&post=44967"},{"taxonomy":"post_tag","embeddable":true,"href":"https:\/\/www.egemtv.com\/index.php?rest_route=%2Fwp%2Fv2%2Ftags&post=44967"}],"curies":[{"name":"wp","href":"https:\/\/api.w.org\/{rel}","templated":true}]}}