{"id":44964,"date":"2025-07-27T16:15:01","date_gmt":"2025-07-27T13:15:01","guid":{"rendered":"https:\/\/www.egemtv.com\/?p=44964"},"modified":"2025-07-27T16:15:02","modified_gmt":"2025-07-27T13:15:02","slug":"bucadaki-orman-yangini-kontrol-altina-alindi","status":"publish","type":"post","link":"https:\/\/www.egemtv.com\/?p=44964","title":{"rendered":"Buca\u2019daki orman yang\u0131n\u0131 kontrol alt\u0131na al\u0131nd\u0131"},"content":{"rendered":"<p>\u0130zmir\u2019in Buca il\u00e7esinde \u00e7\u0131kan orman yang\u0131n\u0131, havadan ve karadan yap\u0131lan m\u00fcdahalenin ard\u0131ndan k\u0131sa s\u00fcrede kontrol alt\u0131na al\u0131nd\u0131. B\u00f6lgede so\u011futma \u00e7al\u0131\u015fmalar\u0131 devam ediyor.<br \/>\n<br \/>Yang\u0131n, saat 14.00 s\u0131ralar\u0131nda Buca il\u00e7esi \u015eahin Tepesi mevkisindeki ormanl\u0131k alanda \u00e7\u0131kt\u0131. Dumanlar\u0131 fark eden vatanda\u015flar\u0131n ihbar\u0131 \u00fczerine b\u00f6lgeye \u0130zmir Orman B\u00f6lge M\u00fcd\u00fcrl\u00fc\u011f\u00fc\u2019ne ba\u011fl\u0131 ekipler sevk edildi.<br \/>\n<br \/>Yang\u0131na 4 helikopter, 2 u\u00e7ak, 5 araz\u00f6z ve \u00e7ok say\u0131da itfaiye ekibiyle m\u00fcdahale edildi. Alevlerin yerle\u015fim alanlar\u0131na s\u0131\u00e7ramamas\u0131 i\u00e7in ekipler seferber olurken, yo\u011fun m\u00fcdahale sonucu yang\u0131n yakla\u015f\u0131k yar\u0131m saat i\u00e7erisinde kontrol alt\u0131na al\u0131nd\u0131.<br \/>\n<br \/>B\u00f6lgede ekiplerin so\u011futma \u00e7al\u0131\u015fmalar\u0131 s\u00fcr\u00fcyor.<br \/><\/p>\n","protected":false},"excerpt":{"rendered":"<p>\u0130zmir\u2019in Buca il\u00e7esinde \u00e7\u0131kan orman yang\u0131n\u0131, havadan ve karadan yap\u0131lan m\u00fcdahalenin ard\u0131ndan k\u0131sa s\u00fcrede kontrol alt\u0131na al\u0131nd\u0131. B\u00f6lgede so\u011futma \u00e7al\u0131\u015fmalar\u0131 devam ediyor. Yang\u0131n, saat 14.00 s\u0131ralar\u0131nda Buca il\u00e7esi \u015eahin Tepesi mevkisindeki ormanl\u0131k alanda \u00e7\u0131kt\u0131. Dumanlar\u0131 fark eden vatanda\u015flar\u0131n ihbar\u0131 \u00fczerine b\u00f6lgeye \u0130zmir Orman B\u00f6lge M\u00fcd\u00fcrl\u00fc\u011f\u00fc\u2019ne ba\u011fl\u0131 ekipler sevk edildi. Yang\u0131na 4 helikopter, 2 u\u00e7ak, 5&#8230;<\/p>\n","protected":false},"author":1,"featured_media":44965,"comment_status":"open","ping_status":"open","sticky":false,"template":"","format":"standard","meta":{"_crdt_document":"","footnotes":""},"categories":[5],"tags":[],"class_list":["post-44964","post","type-post","status-publish","format-standard","has-post-thumbnail","hentry","category-asayis"],"_links":{"self":[{"href":"https:\/\/www.egemtv.com\/index.php?rest_route=\/wp\/v2\/posts\/44964","targetHints":{"allow":["GET"]}}],"collection":[{"href":"https:\/\/www.egemtv.com\/index.php?rest_route=\/wp\/v2\/posts"}],"about":[{"href":"https:\/\/www.egemtv.com\/index.php?rest_route=\/wp\/v2\/types\/post"}],"author":[{"embeddable":true,"href":"https:\/\/www.egemtv.com\/index.php?rest_route=\/wp\/v2\/users\/1"}],"replies":[{"embeddable":true,"href":"https:\/\/www.egemtv.com\/index.php?rest_route=%2Fwp%2Fv2%2Fcomments&post=44964"}],"version-history":[{"count":1,"href":"https:\/\/www.egemtv.com\/index.php?rest_route=\/wp\/v2\/posts\/44964\/revisions"}],"predecessor-version":[{"id":44966,"href":"https:\/\/www.egemtv.com\/index.php?rest_route=\/wp\/v2\/posts\/44964\/revisions\/44966"}],"wp:featuredmedia":[{"embeddable":true,"href":"https:\/\/www.egemtv.com\/index.php?rest_route=\/wp\/v2\/media\/44965"}],"wp:attachment":[{"href":"https:\/\/www.egemtv.com\/index.php?rest_route=%2Fwp%2Fv2%2Fmedia&parent=44964"}],"wp:term":[{"taxonomy":"category","embeddable":true,"href":"https:\/\/www.egemtv.com\/index.php?rest_route=%2Fwp%2Fv2%2Fcategories&post=44964"},{"taxonomy":"post_tag","embeddable":true,"href":"https:\/\/www.egemtv.com\/index.php?rest_route=%2Fwp%2Fv2%2Ftags&post=44964"}],"curies":[{"name":"wp","href":"https:\/\/api.w.org\/{rel}","templated":true}]}}