{"id":44958,"date":"2025-07-27T15:34:51","date_gmt":"2025-07-27T12:34:51","guid":{"rendered":"https:\/\/www.egemtv.com\/?p=44958"},"modified":"2025-07-27T15:34:53","modified_gmt":"2025-07-27T12:34:53","slug":"bodrumda-otluk-alanda-cikan-yangin-kisa-surede-kontrol-altina-alindi","status":"publish","type":"post","link":"https:\/\/www.egemtv.com\/?p=44958","title":{"rendered":"Bodrum\u2019da otluk alanda \u00e7\u0131kan yang\u0131n k\u0131sa s\u00fcrede kontrol alt\u0131na al\u0131nd\u0131"},"content":{"rendered":"<p>Mu\u011fla\u2019n\u0131n Bodrum il\u00e7esinde otluk alanda \u00e7\u0131kan yang\u0131n, ekiplerin zaman\u0131nda m\u00fcdahalesiyle b\u00fcy\u00fcmeden s\u00f6nd\u00fcr\u00fcld\u00fc.<\/p>\n<p>Yang\u0131n, saat 12.30 s\u0131ralar\u0131nda Peksimet Mahallesi\u2019nde ba\u015flad\u0131. Otluk alandan y\u00fckselen dumanlar\u0131 fark eden vatanda\u015flar\u0131n ihbar\u0131 \u00fczerine b\u00f6lgeye orman ve itfaiye ekipleri sevk edildi. Yang\u0131na hem havadan hem de karadan m\u00fcdahale edildi. Ekiplerin h\u0131zl\u0131 ve etkili \u00e7al\u0131\u015fmas\u0131 sonucu alevler k\u0131sa s\u00fcrede kontrol alt\u0131na al\u0131nd\u0131. Yang\u0131n\u0131n \u00e7\u0131k\u0131\u015f nedenine ili\u015fkin ba\u015flat\u0131lan inceleme s\u00fcr\u00fcyor.<br \/><\/p>\n","protected":false},"excerpt":{"rendered":"<p>Mu\u011fla\u2019n\u0131n Bodrum il\u00e7esinde otluk alanda \u00e7\u0131kan yang\u0131n, ekiplerin zaman\u0131nda m\u00fcdahalesiyle b\u00fcy\u00fcmeden s\u00f6nd\u00fcr\u00fcld\u00fc. Yang\u0131n, saat 12.30 s\u0131ralar\u0131nda Peksimet Mahallesi\u2019nde ba\u015flad\u0131. Otluk alandan y\u00fckselen dumanlar\u0131 fark eden vatanda\u015flar\u0131n ihbar\u0131 \u00fczerine b\u00f6lgeye orman ve itfaiye ekipleri sevk edildi. Yang\u0131na hem havadan hem de karadan m\u00fcdahale edildi. Ekiplerin h\u0131zl\u0131 ve etkili \u00e7al\u0131\u015fmas\u0131 sonucu alevler k\u0131sa s\u00fcrede kontrol alt\u0131na al\u0131nd\u0131&#8230;.<\/p>\n","protected":false},"author":1,"featured_media":44959,"comment_status":"open","ping_status":"open","sticky":false,"template":"","format":"standard","meta":{"_crdt_document":"","footnotes":""},"categories":[5],"tags":[],"class_list":["post-44958","post","type-post","status-publish","format-standard","has-post-thumbnail","hentry","category-asayis"],"_links":{"self":[{"href":"https:\/\/www.egemtv.com\/index.php?rest_route=\/wp\/v2\/posts\/44958","targetHints":{"allow":["GET"]}}],"collection":[{"href":"https:\/\/www.egemtv.com\/index.php?rest_route=\/wp\/v2\/posts"}],"about":[{"href":"https:\/\/www.egemtv.com\/index.php?rest_route=\/wp\/v2\/types\/post"}],"author":[{"embeddable":true,"href":"https:\/\/www.egemtv.com\/index.php?rest_route=\/wp\/v2\/users\/1"}],"replies":[{"embeddable":true,"href":"https:\/\/www.egemtv.com\/index.php?rest_route=%2Fwp%2Fv2%2Fcomments&post=44958"}],"version-history":[{"count":1,"href":"https:\/\/www.egemtv.com\/index.php?rest_route=\/wp\/v2\/posts\/44958\/revisions"}],"predecessor-version":[{"id":44960,"href":"https:\/\/www.egemtv.com\/index.php?rest_route=\/wp\/v2\/posts\/44958\/revisions\/44960"}],"wp:featuredmedia":[{"embeddable":true,"href":"https:\/\/www.egemtv.com\/index.php?rest_route=\/wp\/v2\/media\/44959"}],"wp:attachment":[{"href":"https:\/\/www.egemtv.com\/index.php?rest_route=%2Fwp%2Fv2%2Fmedia&parent=44958"}],"wp:term":[{"taxonomy":"category","embeddable":true,"href":"https:\/\/www.egemtv.com\/index.php?rest_route=%2Fwp%2Fv2%2Fcategories&post=44958"},{"taxonomy":"post_tag","embeddable":true,"href":"https:\/\/www.egemtv.com\/index.php?rest_route=%2Fwp%2Fv2%2Ftags&post=44958"}],"curies":[{"name":"wp","href":"https:\/\/api.w.org\/{rel}","templated":true}]}}