{"id":44955,"date":"2025-07-27T15:34:51","date_gmt":"2025-07-27T12:34:51","guid":{"rendered":"https:\/\/www.egemtv.com\/?p=44955"},"modified":"2025-07-27T15:34:51","modified_gmt":"2025-07-27T12:34:51","slug":"tuncbilek-yolu-yakininda-cikan-yangin-kisa-surede-kontrol-altina-alindi","status":"publish","type":"post","link":"https:\/\/www.egemtv.com\/?p=44955","title":{"rendered":"Tun\u00e7bilek yolu yak\u0131n\u0131nda \u00e7\u0131kan yang\u0131n k\u0131sa s\u00fcrede kontrol alt\u0131na al\u0131nd\u0131"},"content":{"rendered":"<p>K\u00fctahya\u2019n\u0131n Tav\u015fanl\u0131 il\u00e7esinde \u00e7\u0131kan orman yang\u0131n\u0131 kontrol alt\u0131na al\u0131nd\u0131.<br \/>\n<br \/>Tun\u00e7bilek beldesi yolu Bal\u0131kesir kav\u015fa\u011f\u0131 yak\u0131n\u0131nda \u00e7\u0131kan yang\u0131n \u015fiddetli r\u00fczgar nedeniyle h\u0131zla b\u00fcy\u00fcd\u00fc. R\u00fczgar\u0131n etkisiyle \u015fiddetlenen elektrik hatlar\u0131ndan \u00e7\u0131kan k\u0131v\u0131lc\u0131mlar kuru otlar\u0131 tutu\u015fturdu ve yang\u0131n\u0131n h\u0131zla yak\u0131ndaki bir \u00e7iftlik evine yay\u0131lmas\u0131na neden oldu. Yang\u0131n ihbar\u0131 sonras\u0131nda Tav\u015fanl\u0131 Belediyesi itfaiye ekipleri ve orman i\u015fletme tankerlerinin h\u0131zl\u0131 m\u00fcdahalesi \u00e7al\u0131\u015fmalar\u0131 g\u00fc\u00e7lendirdi. H\u0131zl\u0131 m\u00fcdahale, yang\u0131n\u0131n ciddi hasara yol a\u00e7madan kontrol alt\u0131na al\u0131nd\u0131.<br \/><\/p>\n","protected":false},"excerpt":{"rendered":"<p>K\u00fctahya\u2019n\u0131n Tav\u015fanl\u0131 il\u00e7esinde \u00e7\u0131kan orman yang\u0131n\u0131 kontrol alt\u0131na al\u0131nd\u0131. Tun\u00e7bilek beldesi yolu Bal\u0131kesir kav\u015fa\u011f\u0131 yak\u0131n\u0131nda \u00e7\u0131kan yang\u0131n \u015fiddetli r\u00fczgar nedeniyle h\u0131zla b\u00fcy\u00fcd\u00fc. R\u00fczgar\u0131n etkisiyle \u015fiddetlenen elektrik hatlar\u0131ndan \u00e7\u0131kan k\u0131v\u0131lc\u0131mlar kuru otlar\u0131 tutu\u015fturdu ve yang\u0131n\u0131n h\u0131zla yak\u0131ndaki bir \u00e7iftlik evine yay\u0131lmas\u0131na neden oldu. Yang\u0131n ihbar\u0131 sonras\u0131nda Tav\u015fanl\u0131 Belediyesi itfaiye ekipleri ve orman i\u015fletme tankerlerinin h\u0131zl\u0131 m\u00fcdahalesi&#8230;<\/p>\n","protected":false},"author":1,"featured_media":44956,"comment_status":"open","ping_status":"open","sticky":false,"template":"","format":"standard","meta":{"_crdt_document":"","footnotes":""},"categories":[5],"tags":[],"class_list":["post-44955","post","type-post","status-publish","format-standard","has-post-thumbnail","hentry","category-asayis"],"_links":{"self":[{"href":"https:\/\/www.egemtv.com\/index.php?rest_route=\/wp\/v2\/posts\/44955","targetHints":{"allow":["GET"]}}],"collection":[{"href":"https:\/\/www.egemtv.com\/index.php?rest_route=\/wp\/v2\/posts"}],"about":[{"href":"https:\/\/www.egemtv.com\/index.php?rest_route=\/wp\/v2\/types\/post"}],"author":[{"embeddable":true,"href":"https:\/\/www.egemtv.com\/index.php?rest_route=\/wp\/v2\/users\/1"}],"replies":[{"embeddable":true,"href":"https:\/\/www.egemtv.com\/index.php?rest_route=%2Fwp%2Fv2%2Fcomments&post=44955"}],"version-history":[{"count":1,"href":"https:\/\/www.egemtv.com\/index.php?rest_route=\/wp\/v2\/posts\/44955\/revisions"}],"predecessor-version":[{"id":44957,"href":"https:\/\/www.egemtv.com\/index.php?rest_route=\/wp\/v2\/posts\/44955\/revisions\/44957"}],"wp:featuredmedia":[{"embeddable":true,"href":"https:\/\/www.egemtv.com\/index.php?rest_route=\/wp\/v2\/media\/44956"}],"wp:attachment":[{"href":"https:\/\/www.egemtv.com\/index.php?rest_route=%2Fwp%2Fv2%2Fmedia&parent=44955"}],"wp:term":[{"taxonomy":"category","embeddable":true,"href":"https:\/\/www.egemtv.com\/index.php?rest_route=%2Fwp%2Fv2%2Fcategories&post=44955"},{"taxonomy":"post_tag","embeddable":true,"href":"https:\/\/www.egemtv.com\/index.php?rest_route=%2Fwp%2Fv2%2Ftags&post=44955"}],"curies":[{"name":"wp","href":"https:\/\/api.w.org\/{rel}","templated":true}]}}