{"id":44952,"date":"2025-07-27T15:34:50","date_gmt":"2025-07-27T12:34:50","guid":{"rendered":"https:\/\/www.egemtv.com\/?p=44952"},"modified":"2025-07-27T15:34:51","modified_gmt":"2025-07-27T12:34:51","slug":"kaymakam-kuruca-jandarma-personeli-ile-bir-araya-geldi","status":"publish","type":"post","link":"https:\/\/www.egemtv.com\/?p=44952","title":{"rendered":"Kaymakam Kuruca jandarma personeli ile bir araya geldi"},"content":{"rendered":"<p>\u0130\u00e7i\u015fleri Bakanl\u0131\u011f\u0131 taraf\u0131ndan Burdur\u2019un Bucak il\u00e7esine g\u00f6revlendirilen Didim Kaymakam\u0131 Can Kaz\u0131m Kuruca, Akk\u00f6y Jandarma Karakol Komutanl\u0131\u011f\u0131\u2019na veda ziyaretinde bulundu.<\/p>\n<p>G\u00f6rev yeri de\u011fi\u015fen Didim Kaymakam\u0131 Can Kaz\u0131m Kuruca, Akk\u00f6y Jandarma Karakol Komutan\u0131 Jandarma Astsubay Ba\u015f\u00e7avu\u015f Faruk Temiz ve karakolda g\u00f6revli personel ile bir araya geldi. Karakolun y\u00fcr\u00fctt\u00fc\u011f\u00fc \u00e7al\u0131\u015fmalar\u0131 takdirle kar\u015f\u0131lad\u0131\u011f\u0131n\u0131 belirten Kuruca, g\u00f6rev s\u00fcresi boyunca jandarma te\u015fkilat\u0131yla uyum i\u00e7inde \u00e7al\u0131\u015fmaktan duydu\u011fu memnuniyeti dile getirdi. Ziyarette personelle tek tek vedala\u015fan Kaymakam Kuruca, Komutan Temiz\u2019e yeni g\u00f6rev d\u00f6neminde muvaffakiyetler diledi.<br \/><\/p>\n","protected":false},"excerpt":{"rendered":"<p>\u0130\u00e7i\u015fleri Bakanl\u0131\u011f\u0131 taraf\u0131ndan Burdur\u2019un Bucak il\u00e7esine g\u00f6revlendirilen Didim Kaymakam\u0131 Can Kaz\u0131m Kuruca, Akk\u00f6y Jandarma Karakol Komutanl\u0131\u011f\u0131\u2019na veda ziyaretinde bulundu. G\u00f6rev yeri de\u011fi\u015fen Didim Kaymakam\u0131 Can Kaz\u0131m Kuruca, Akk\u00f6y Jandarma Karakol Komutan\u0131 Jandarma Astsubay Ba\u015f\u00e7avu\u015f Faruk Temiz ve karakolda g\u00f6revli personel ile bir araya geldi. Karakolun y\u00fcr\u00fctt\u00fc\u011f\u00fc \u00e7al\u0131\u015fmalar\u0131 takdirle kar\u015f\u0131lad\u0131\u011f\u0131n\u0131 belirten Kuruca, g\u00f6rev s\u00fcresi boyunca jandarma&#8230;<\/p>\n","protected":false},"author":1,"featured_media":44953,"comment_status":"open","ping_status":"open","sticky":false,"template":"","format":"standard","meta":{"_crdt_document":"","footnotes":""},"categories":[1],"tags":[],"class_list":["post-44952","post","type-post","status-publish","format-standard","has-post-thumbnail","hentry","category-guncel"],"_links":{"self":[{"href":"https:\/\/www.egemtv.com\/index.php?rest_route=\/wp\/v2\/posts\/44952","targetHints":{"allow":["GET"]}}],"collection":[{"href":"https:\/\/www.egemtv.com\/index.php?rest_route=\/wp\/v2\/posts"}],"about":[{"href":"https:\/\/www.egemtv.com\/index.php?rest_route=\/wp\/v2\/types\/post"}],"author":[{"embeddable":true,"href":"https:\/\/www.egemtv.com\/index.php?rest_route=\/wp\/v2\/users\/1"}],"replies":[{"embeddable":true,"href":"https:\/\/www.egemtv.com\/index.php?rest_route=%2Fwp%2Fv2%2Fcomments&post=44952"}],"version-history":[{"count":1,"href":"https:\/\/www.egemtv.com\/index.php?rest_route=\/wp\/v2\/posts\/44952\/revisions"}],"predecessor-version":[{"id":44954,"href":"https:\/\/www.egemtv.com\/index.php?rest_route=\/wp\/v2\/posts\/44952\/revisions\/44954"}],"wp:featuredmedia":[{"embeddable":true,"href":"https:\/\/www.egemtv.com\/index.php?rest_route=\/wp\/v2\/media\/44953"}],"wp:attachment":[{"href":"https:\/\/www.egemtv.com\/index.php?rest_route=%2Fwp%2Fv2%2Fmedia&parent=44952"}],"wp:term":[{"taxonomy":"category","embeddable":true,"href":"https:\/\/www.egemtv.com\/index.php?rest_route=%2Fwp%2Fv2%2Fcategories&post=44952"},{"taxonomy":"post_tag","embeddable":true,"href":"https:\/\/www.egemtv.com\/index.php?rest_route=%2Fwp%2Fv2%2Ftags&post=44952"}],"curies":[{"name":"wp","href":"https:\/\/api.w.org\/{rel}","templated":true}]}}