{"id":44949,"date":"2025-07-27T15:34:49","date_gmt":"2025-07-27T12:34:49","guid":{"rendered":"https:\/\/www.egemtv.com\/?p=44949"},"modified":"2025-07-27T15:34:50","modified_gmt":"2025-07-27T12:34:50","slug":"tavsanlida-trafik-kazasi-2-yarali-3","status":"publish","type":"post","link":"https:\/\/www.egemtv.com\/?p=44949","title":{"rendered":"Tav\u015fanl\u0131\u2019da trafik kazas\u0131, 2 yaral\u0131"},"content":{"rendered":"<p>K\u00fctahya\u2019n\u0131n Tav\u015fanl\u0131 il\u00e7esinde 2 motosikletin \u00e7arp\u0131\u015fmas\u0131 sonucu meydana gelen trafik kazas\u0131nda 2 ki\u015fi yaraland\u0131.<br \/>\n<br \/>Edinilen bilgilere g\u00f6re kaza \u00e7evreyolu Bal\u0131kesir \u0131\u015f\u0131kl\u0131 kav\u015fakta meydana geldi. Tun\u00e7bilek istikametinden \u00e7evreyoluna \u00e7\u0131kmakta olan  S.T. idaresindeki 32 ACP 953 plakal\u0131 motosiklet ile \u00e7evre yolundan Bal\u0131kesir istikametine gitmekte olan H.H.S. idaresindeki 43 AFA 893 plakal\u0131  motosikletin \u00e7arp\u0131\u015fmas\u0131 sonucu trafik kazas\u0131 meydana geldi. Kaza ihbar\u0131 \u00fczerine olay yerine 112 acil servis ve polis ekipleri sevk edildi. Meydana gelen trafik kazas\u0131nda her iki motosiklet s\u00fcr\u00fcc\u00fcs\u00fc de yaraland\u0131. Yaral\u0131lar 112  acil servis ekiplerinin olay yerinde ilk m\u00fcdahalesinin  ard\u0131ndan Tav\u015fanl\u0131 Do\u00e7. Dr. Mustafa Kalemli Devlet Hastanesine sevk edildi. Kaza nedeniyle ara\u00e7 trafi\u011fine k\u0131sa s\u00fcre kapanan yolda gerekli i\u015flemlerin ard\u0131ndan tekrar trafi\u011fe a\u00e7\u0131ld\u0131.<br \/><\/p>\n","protected":false},"excerpt":{"rendered":"<p>K\u00fctahya\u2019n\u0131n Tav\u015fanl\u0131 il\u00e7esinde 2 motosikletin \u00e7arp\u0131\u015fmas\u0131 sonucu meydana gelen trafik kazas\u0131nda 2 ki\u015fi yaraland\u0131. Edinilen bilgilere g\u00f6re kaza \u00e7evreyolu Bal\u0131kesir \u0131\u015f\u0131kl\u0131 kav\u015fakta meydana geldi. Tun\u00e7bilek istikametinden \u00e7evreyoluna \u00e7\u0131kmakta olan S.T. idaresindeki 32 ACP 953 plakal\u0131 motosiklet ile \u00e7evre yolundan Bal\u0131kesir istikametine gitmekte olan H.H.S. idaresindeki 43 AFA 893 plakal\u0131 motosikletin \u00e7arp\u0131\u015fmas\u0131 sonucu trafik kazas\u0131 meydana&#8230;<\/p>\n","protected":false},"author":1,"featured_media":44950,"comment_status":"open","ping_status":"open","sticky":false,"template":"","format":"standard","meta":{"_crdt_document":"","footnotes":""},"categories":[5],"tags":[],"class_list":["post-44949","post","type-post","status-publish","format-standard","has-post-thumbnail","hentry","category-asayis"],"_links":{"self":[{"href":"https:\/\/www.egemtv.com\/index.php?rest_route=\/wp\/v2\/posts\/44949","targetHints":{"allow":["GET"]}}],"collection":[{"href":"https:\/\/www.egemtv.com\/index.php?rest_route=\/wp\/v2\/posts"}],"about":[{"href":"https:\/\/www.egemtv.com\/index.php?rest_route=\/wp\/v2\/types\/post"}],"author":[{"embeddable":true,"href":"https:\/\/www.egemtv.com\/index.php?rest_route=\/wp\/v2\/users\/1"}],"replies":[{"embeddable":true,"href":"https:\/\/www.egemtv.com\/index.php?rest_route=%2Fwp%2Fv2%2Fcomments&post=44949"}],"version-history":[{"count":1,"href":"https:\/\/www.egemtv.com\/index.php?rest_route=\/wp\/v2\/posts\/44949\/revisions"}],"predecessor-version":[{"id":44951,"href":"https:\/\/www.egemtv.com\/index.php?rest_route=\/wp\/v2\/posts\/44949\/revisions\/44951"}],"wp:featuredmedia":[{"embeddable":true,"href":"https:\/\/www.egemtv.com\/index.php?rest_route=\/wp\/v2\/media\/44950"}],"wp:attachment":[{"href":"https:\/\/www.egemtv.com\/index.php?rest_route=%2Fwp%2Fv2%2Fmedia&parent=44949"}],"wp:term":[{"taxonomy":"category","embeddable":true,"href":"https:\/\/www.egemtv.com\/index.php?rest_route=%2Fwp%2Fv2%2Fcategories&post=44949"},{"taxonomy":"post_tag","embeddable":true,"href":"https:\/\/www.egemtv.com\/index.php?rest_route=%2Fwp%2Fv2%2Ftags&post=44949"}],"curies":[{"name":"wp","href":"https:\/\/api.w.org\/{rel}","templated":true}]}}