{"id":44946,"date":"2025-07-27T14:55:43","date_gmt":"2025-07-27T11:55:43","guid":{"rendered":"https:\/\/www.egemtv.com\/?p=44946"},"modified":"2025-07-27T14:55:44","modified_gmt":"2025-07-27T11:55:44","slug":"mimar-sinan-ve-tekstil-parklari-aydinlilarin-ugrak-noktasi-olmaya-devam-ediyor","status":"publish","type":"post","link":"https:\/\/www.egemtv.com\/?p=44946","title":{"rendered":"Mimar Sinan ve Tekstil Parklar\u0131 Ayd\u0131nl\u0131lar\u0131n u\u011frak noktas\u0131 olmaya devam ediyor"},"content":{"rendered":"<p>Ayd\u0131n B\u00fcy\u00fck\u015fehir Belediye Ba\u015fkan\u0131 \u00d6zlem \u00c7er\u00e7io\u011flu\u2019nun Ayd\u0131n\u2019a kazand\u0131rd\u0131\u011f\u0131 Mimar Sinan Park\u0131 ve Ayd\u0131n Tekstil Park, kentte sosyal ya\u015fam\u0131n merkezi oldu. Vatanda\u015flar\u0131n dinlenme, spor yapma ve k\u00fclt\u00fcrel etkinliklere kat\u0131lma imk\u00e2n\u0131 buldu\u011fu parklar, her g\u00fcn on binlerce ki\u015fiyi a\u011f\u0131rl\u0131yor.<\/p>\n<p>Mimar Sinan Park\u0131; ye\u015fil alanlar\u0131, y\u00fcr\u00fcy\u00fc\u015f yollar\u0131, spor sahalar\u0131 ve \u00e7ocuk oyun alanlar\u0131yla dikkat \u00e7ekiyor. Parkta d\u00fczenlenen a\u00e7\u0131k hava konserleri, sinema g\u00f6sterimleri ve \u00e7ocuk etkinlikleri de vatanda\u015flardan b\u00fcy\u00fck be\u011feni topluyor. Ayd\u0131n Tekstil Park ise i\u00e7erisinde yer alan aquapark, sergi salonlar\u0131, Fuar Ayd\u0131n, kre\u015f, spor alanlar\u0131 ve bisiklet yollar\u0131yla \u015fehirde sosyal ya\u015fam\u0131n en hareketli noktalar\u0131ndan biri haline geldi. Ge\u00e7mi\u015fte at\u0131l durumda bulunan fabrika arazisi, B\u00fcy\u00fck\u015fehir Belediyesi\u2019nin \u00e7al\u0131\u015fmalar\u0131yla modern bir ya\u015fam alan\u0131na d\u00f6n\u00fc\u015ft\u00fcr\u00fcld\u00fc.<\/p>\n<p>&#8220;Vatanda\u015flar\u0131m\u0131z i\u00e7in \u00e7al\u0131\u015fmaya devam ediyoruz&#8221;<br \/>\n<br \/>Ayd\u0131n\u2019\u0131n her k\u00f6\u015fesinde vatanda\u015flar\u0131n nefes alabilece\u011fi alanlar olu\u015fturmaya devam edeceklerini belirten Ba\u015fkan \u00c7er\u00e7io\u011flu, &#8220;Kentimizin sosyal ya\u015fam\u0131na katk\u0131 sa\u011flayan projeler \u00fcretmeye devam edece\u011fiz. Parklar\u0131m\u0131zda vatanda\u015flar\u0131m\u0131z\u0131n keyifle zaman ge\u00e7irmesi bizler i\u00e7in b\u00fcy\u00fck mutluluk. Hem\u015fehrilerimiz ve g\u00fczel Ayd\u0131n\u0131m\u0131z i\u00e7in \u00e7al\u0131\u015fmalar\u0131m\u0131z\u0131 s\u00fcrd\u00fcrece\u011fiz&#8221; ifadelerini kulland\u0131.<\/p>\n<p>Hem Mimar Sinan Park\u0131 hem de Ayd\u0131n Tekstil Park, yaz aylar\u0131nda s\u0131cak havadan uzakla\u015fmak isteyen vatanda\u015flar i\u00e7in ferah bir ortam sunuyor. Parklar\u0131 ziyaret eden Ayd\u0131nl\u0131lar, yap\u0131lan hizmetlerden memnun olduklar\u0131n\u0131 dile getirerek Ba\u015fkan \u00c7er\u00e7io\u011flu\u2019na te\u015fekk\u00fcr etti.<br \/><\/p>\n","protected":false},"excerpt":{"rendered":"<p>Ayd\u0131n B\u00fcy\u00fck\u015fehir Belediye Ba\u015fkan\u0131 \u00d6zlem \u00c7er\u00e7io\u011flu\u2019nun Ayd\u0131n\u2019a kazand\u0131rd\u0131\u011f\u0131 Mimar Sinan Park\u0131 ve Ayd\u0131n Tekstil Park, kentte sosyal ya\u015fam\u0131n merkezi oldu. Vatanda\u015flar\u0131n dinlenme, spor yapma ve k\u00fclt\u00fcrel etkinliklere kat\u0131lma imk\u00e2n\u0131 buldu\u011fu parklar, her g\u00fcn on binlerce ki\u015fiyi a\u011f\u0131rl\u0131yor. Mimar Sinan Park\u0131; ye\u015fil alanlar\u0131, y\u00fcr\u00fcy\u00fc\u015f yollar\u0131, spor sahalar\u0131 ve \u00e7ocuk oyun alanlar\u0131yla dikkat \u00e7ekiyor. Parkta d\u00fczenlenen a\u00e7\u0131k&#8230;<\/p>\n","protected":false},"author":1,"featured_media":44947,"comment_status":"open","ping_status":"open","sticky":false,"template":"","format":"standard","meta":{"_crdt_document":"","footnotes":""},"categories":[1],"tags":[],"class_list":["post-44946","post","type-post","status-publish","format-standard","has-post-thumbnail","hentry","category-guncel"],"_links":{"self":[{"href":"https:\/\/www.egemtv.com\/index.php?rest_route=\/wp\/v2\/posts\/44946","targetHints":{"allow":["GET"]}}],"collection":[{"href":"https:\/\/www.egemtv.com\/index.php?rest_route=\/wp\/v2\/posts"}],"about":[{"href":"https:\/\/www.egemtv.com\/index.php?rest_route=\/wp\/v2\/types\/post"}],"author":[{"embeddable":true,"href":"https:\/\/www.egemtv.com\/index.php?rest_route=\/wp\/v2\/users\/1"}],"replies":[{"embeddable":true,"href":"https:\/\/www.egemtv.com\/index.php?rest_route=%2Fwp%2Fv2%2Fcomments&post=44946"}],"version-history":[{"count":1,"href":"https:\/\/www.egemtv.com\/index.php?rest_route=\/wp\/v2\/posts\/44946\/revisions"}],"predecessor-version":[{"id":44948,"href":"https:\/\/www.egemtv.com\/index.php?rest_route=\/wp\/v2\/posts\/44946\/revisions\/44948"}],"wp:featuredmedia":[{"embeddable":true,"href":"https:\/\/www.egemtv.com\/index.php?rest_route=\/wp\/v2\/media\/44947"}],"wp:attachment":[{"href":"https:\/\/www.egemtv.com\/index.php?rest_route=%2Fwp%2Fv2%2Fmedia&parent=44946"}],"wp:term":[{"taxonomy":"category","embeddable":true,"href":"https:\/\/www.egemtv.com\/index.php?rest_route=%2Fwp%2Fv2%2Fcategories&post=44946"},{"taxonomy":"post_tag","embeddable":true,"href":"https:\/\/www.egemtv.com\/index.php?rest_route=%2Fwp%2Fv2%2Ftags&post=44946"}],"curies":[{"name":"wp","href":"https:\/\/api.w.org\/{rel}","templated":true}]}}