{"id":44943,"date":"2025-07-27T14:34:59","date_gmt":"2025-07-27T11:34:59","guid":{"rendered":"https:\/\/www.egemtv.com\/?p=44943"},"modified":"2025-07-27T14:35:00","modified_gmt":"2025-07-27T11:35:00","slug":"kuyuya-dusen-kisiyi-itfaiye-ekipleri-kurtardi","status":"publish","type":"post","link":"https:\/\/www.egemtv.com\/?p=44943","title":{"rendered":"Kuyuya d\u00fc\u015fen ki\u015fiyi itfaiye ekipleri kurtard\u0131"},"content":{"rendered":"<p>\u0130zmir Alia\u011fa\u2019da 15 metre derinli\u011finde fore kaz\u0131k kuyusuna d\u00fc\u015fen yurtta\u015f, itfaiye ekiplerinin titiz \u00e7al\u0131\u015fmas\u0131 sonucunda kurtar\u0131ld\u0131. Hastaneye kald\u0131r\u0131lan ki\u015finin sa\u011fl\u0131k durumunun iyi oldu\u011fu \u00f6\u011frenildi.<br \/>\n<br \/>\u0130zmir\u2019in Alia\u011fa il\u00e7esindeki itfaiye ekipleri, bir yurtta\u015f\u0131n kuyuya d\u00fc\u015ft\u00fc\u011f\u00fc ihbar\u0131n\u0131 ald\u0131. Bu durum \u00fczerine ekipler Alia\u011fa Bozk\u00f6y Mahallesi\u2019ne do\u011fru hareket etti. Yap\u0131lan incelemede 35 ya\u015f\u0131ndaki C.E\u2019nin  Sanayi Caddesi\u2019ndeki bir dolgu sahas\u0131nda a\u00e7\u0131lan 15 metre derinli\u011finde, 65 santimetre geni\u015fli\u011findeki fore kaz\u0131k kuyusuna d\u00fc\u015ft\u00fc\u011f\u00fcn\u00fc tespit etti. Araz\u00f6z ve kurtarma arac\u0131 ile kuyuya d\u00fc\u015fen yurtta\u015f itfaiye ekiplerinin titiz \u00e7al\u0131\u015fmas\u0131 sonucu kurtar\u0131larak olay yerinde bekleyen 112 Acil sa\u011fl\u0131k ekiplerine teslim edildi. Hastaneye kald\u0131r\u0131lan yurtta\u015f\u0131n sa\u011fl\u0131k durumunun iyi oldu\u011fu belirtildi.<br \/><\/p>\n","protected":false},"excerpt":{"rendered":"<p>\u0130zmir Alia\u011fa\u2019da 15 metre derinli\u011finde fore kaz\u0131k kuyusuna d\u00fc\u015fen yurtta\u015f, itfaiye ekiplerinin titiz \u00e7al\u0131\u015fmas\u0131 sonucunda kurtar\u0131ld\u0131. Hastaneye kald\u0131r\u0131lan ki\u015finin sa\u011fl\u0131k durumunun iyi oldu\u011fu \u00f6\u011frenildi. \u0130zmir\u2019in Alia\u011fa il\u00e7esindeki itfaiye ekipleri, bir yurtta\u015f\u0131n kuyuya d\u00fc\u015ft\u00fc\u011f\u00fc ihbar\u0131n\u0131 ald\u0131. Bu durum \u00fczerine ekipler Alia\u011fa Bozk\u00f6y Mahallesi\u2019ne do\u011fru hareket etti. Yap\u0131lan incelemede 35 ya\u015f\u0131ndaki C.E\u2019nin Sanayi Caddesi\u2019ndeki bir dolgu sahas\u0131nda&#8230;<\/p>\n","protected":false},"author":1,"featured_media":44944,"comment_status":"open","ping_status":"open","sticky":false,"template":"","format":"standard","meta":{"_crdt_document":"","footnotes":""},"categories":[5],"tags":[],"class_list":["post-44943","post","type-post","status-publish","format-standard","has-post-thumbnail","hentry","category-asayis"],"_links":{"self":[{"href":"https:\/\/www.egemtv.com\/index.php?rest_route=\/wp\/v2\/posts\/44943","targetHints":{"allow":["GET"]}}],"collection":[{"href":"https:\/\/www.egemtv.com\/index.php?rest_route=\/wp\/v2\/posts"}],"about":[{"href":"https:\/\/www.egemtv.com\/index.php?rest_route=\/wp\/v2\/types\/post"}],"author":[{"embeddable":true,"href":"https:\/\/www.egemtv.com\/index.php?rest_route=\/wp\/v2\/users\/1"}],"replies":[{"embeddable":true,"href":"https:\/\/www.egemtv.com\/index.php?rest_route=%2Fwp%2Fv2%2Fcomments&post=44943"}],"version-history":[{"count":1,"href":"https:\/\/www.egemtv.com\/index.php?rest_route=\/wp\/v2\/posts\/44943\/revisions"}],"predecessor-version":[{"id":44945,"href":"https:\/\/www.egemtv.com\/index.php?rest_route=\/wp\/v2\/posts\/44943\/revisions\/44945"}],"wp:featuredmedia":[{"embeddable":true,"href":"https:\/\/www.egemtv.com\/index.php?rest_route=\/wp\/v2\/media\/44944"}],"wp:attachment":[{"href":"https:\/\/www.egemtv.com\/index.php?rest_route=%2Fwp%2Fv2%2Fmedia&parent=44943"}],"wp:term":[{"taxonomy":"category","embeddable":true,"href":"https:\/\/www.egemtv.com\/index.php?rest_route=%2Fwp%2Fv2%2Fcategories&post=44943"},{"taxonomy":"post_tag","embeddable":true,"href":"https:\/\/www.egemtv.com\/index.php?rest_route=%2Fwp%2Fv2%2Ftags&post=44943"}],"curies":[{"name":"wp","href":"https:\/\/api.w.org\/{rel}","templated":true}]}}